{"id":884,"date":"2015-08-12T15:16:04","date_gmt":"2015-08-12T15:16:04","guid":{"rendered":"http:\/\/elmediodelcampo.com.ar\/?p=884"},"modified":"2015-08-12T15:16:04","modified_gmt":"2015-08-12T15:16:04","slug":"paises-de-las-americas-discutiran-defensa-agropecuaria-en-el-hemisferio","status":"publish","type":"post","link":"http:\/\/elmediodelcampo.com.ar\/?p=884","title":{"rendered":"Pa\u00edses de las Am\u00e9ricas discutir\u00e1n defensa agropecuaria en el hemisferio"},"content":{"rendered":"<p><a href=\"http:\/\/elmediodelcampo.com.ar\/wp-content\/uploads\/2015\/05\/alep.jpg\"><img loading=\"lazy\" decoding=\"async\" class=\"alignleft size-medium wp-image-266\" src=\"http:\/\/elmediodelcampo.com.ar\/wp-content\/uploads\/2015\/05\/alep-225x300.jpg\" alt=\"alep\" width=\"225\" height=\"300\" srcset=\"http:\/\/elmediodelcampo.com.ar\/wp-content\/uploads\/2015\/05\/alep-225x300.jpg 225w, http:\/\/elmediodelcampo.com.ar\/wp-content\/uploads\/2015\/05\/alep.jpg 480w\" sizes=\"auto, (max-width: 225px) 100vw, 225px\" \/><\/a>Sus conclusiones alimentar\u00e1n un informe que ser\u00e1 presentado en el Encuentro de Ministros de las Am\u00e9ricas 2015, a efectuarse en la Riviera Maya, en octubre.<\/p>\n<p>Brasil. Brasilia ser\u00e1 la sede de la Reuni\u00f3n Interamericana de Servicios Nacionales de Sanidad Animal, Vegetal e Inocuidad frente a los Desaf\u00edos del Comercio Internacional, un encuentro que reunir\u00e1 a especialistas de 36 pa\u00edses de las Am\u00e9ricas este 2 y 3 de setiembre.<\/p>\n<p>El evento, promovido por el Ministerio de la Agricultura, Ganader\u00eda y Abastecimiento (MAPA) de Brasil y el Instituto Interamericano de Cooperaci\u00f3n para la Agricultura (IICA), procura fomentar el intercambio de conocimientos que ayuden a la toma de decisiones para enfrentar los riesgos que supone el creciente proceso de globalizaci\u00f3n para el estatus sanitario del comercio agr\u00edcola mundial.<\/p>\n<p>En el encuentro participar\u00e1n directores de los servicios oficiales de defensa agropecuaria de las Am\u00e9ricas, organismos internacionales, l\u00edderes de programas y proyectos regionales y organismos multilaterales.<\/p>\n<p>Las conclusiones de los especialistas alimentar\u00e1n un informe que ser\u00e1 presentado en el Encuentro de Ministros de las Am\u00e9ricas 2015, reuni\u00f3n que el IICA y la Secretaria de Agricultura, Ganader\u00eda, Desarrollo Rural, Pesca y Alimentaci\u00f3n (SAGARPA) de M\u00e9xico llevar\u00e1n a cabo en Canc\u00fan, del 19 al 23 de octubre.<\/p>\n<p>La cita en Brasil facilitar\u00e1 el di\u00e1logo y el intercambio de experiencias para contribuir a la armonizaci\u00f3n de medidas sanitarias y fitosanitarias, as\u00ed como fortalecer las capacidades t\u00e9cnicas de los pa\u00edses para cumplir los lineamientos internacionales establecidos por la Organizaci\u00f3n Mundial de Comercio (OMC) y elCodex Alimentarius.<\/p>\n<p>El intercambio de informaci\u00f3n sobre los avances de las pol\u00edticas nacionales, regionales y multilaterales en materia de medidas sanitarias y fitosanitarias permitir\u00e1 construir bases que fortalezcan las estrategias y los mecanismos de cooperaci\u00f3n para favorecer la armonizaci\u00f3n de estas medidas en el continente.<br \/>\nEn el encuentro se realizar\u00e1n paneles sobre diferentes temas t\u00e9cnicos, estrat\u00e9gicos e institucionales. Cada panel consistir\u00e1 en una conferencia introductoria y una mesa de comentarios integrada por pa\u00edses, seguida de un debate.<\/p>\n","protected":false},"excerpt":{"rendered":"<p>Sus conclusiones alimentar\u00e1n un informe que ser\u00e1 presentado en el Encuentro de Ministros de las Am\u00e9ricas 2015, a efectuarse en la Riviera Maya, en octubre. Brasil. Brasilia ser\u00e1 la sede de la Reuni\u00f3n Interamericana de Servicios Nacionales de Sanidad Animal,&#8230;<br \/><a class=\"read-more-button\" href=\"http:\/\/elmediodelcampo.com.ar\/?p=884\">Leer m\u00e1s<\/a><\/p>\n","protected":false},"author":2,"featured_media":0,"comment_status":"closed","ping_status":"open","sticky":false,"template":"","format":"standard","meta":{"footnotes":""},"categories":[14],"tags":[],"class_list":["post-884","post","type-post","status-publish","format-standard","hentry","category-internacionales"],"_links":{"self":[{"href":"http:\/\/elmediodelcampo.com.ar\/index.php?rest_route=\/wp\/v2\/posts\/884","targetHints":{"allow":["GET"]}}],"collection":[{"href":"http:\/\/elmediodelcampo.com.ar\/index.php?rest_route=\/wp\/v2\/posts"}],"about":[{"href":"http:\/\/elmediodelcampo.com.ar\/index.php?rest_route=\/wp\/v2\/types\/post"}],"author":[{"embeddable":true,"href":"http:\/\/elmediodelcampo.com.ar\/index.php?rest_route=\/wp\/v2\/users\/2"}],"replies":[{"embeddable":true,"href":"http:\/\/elmediodelcampo.com.ar\/index.php?rest_route=%2Fwp%2Fv2%2Fcomments&post=884"}],"version-history":[{"count":1,"href":"http:\/\/elmediodelcampo.com.ar\/index.php?rest_route=\/wp\/v2\/posts\/884\/revisions"}],"predecessor-version":[{"id":885,"href":"http:\/\/elmediodelcampo.com.ar\/index.php?rest_route=\/wp\/v2\/posts\/884\/revisions\/885"}],"wp:attachment":[{"href":"http:\/\/elmediodelcampo.com.ar\/index.php?rest_route=%2Fwp%2Fv2%2Fmedia&parent=884"}],"wp:term":[{"taxonomy":"category","embeddable":true,"href":"http:\/\/elmediodelcampo.com.ar\/index.php?rest_route=%2Fwp%2Fv2%2Fcategories&post=884"},{"taxonomy":"post_tag","embeddable":true,"href":"http:\/\/elmediodelcampo.com.ar\/index.php?rest_route=%2Fwp%2Fv2%2Ftags&post=884"}],"curies":[{"name":"wp","href":"https:\/\/api.w.org\/{rel}","templated":true}]}}