{"id":8353,"date":"2018-10-20T11:58:36","date_gmt":"2018-10-20T11:58:36","guid":{"rendered":"http:\/\/elmediodelcampo.com.ar\/?p=8353"},"modified":"2018-10-20T11:58:36","modified_gmt":"2018-10-20T11:58:36","slug":"faa-sobre-posible-suba-de-bienes-personales-a-mas-presion-tributaria-menos-empleo","status":"publish","type":"post","link":"http:\/\/elmediodelcampo.com.ar\/?p=8353","title":{"rendered":"FAA sobre posible suba de Bienes Personales: \u201cA m\u00e1s presi\u00f3n tributaria, menos empleo\u201d"},"content":{"rendered":"<p><a href=\"http:\/\/elmediodelcampo.com.ar\/wp-content\/uploads\/2018\/09\/congreso.jpg\"><img loading=\"lazy\" decoding=\"async\" class=\"alignleft size-medium wp-image-8077\" src=\"http:\/\/elmediodelcampo.com.ar\/wp-content\/uploads\/2018\/09\/congreso-300x200.jpg\" alt=\"\" width=\"300\" height=\"200\" srcset=\"http:\/\/elmediodelcampo.com.ar\/wp-content\/uploads\/2018\/09\/congreso-300x200.jpg 300w, http:\/\/elmediodelcampo.com.ar\/wp-content\/uploads\/2018\/09\/congreso-768x512.jpg 768w, http:\/\/elmediodelcampo.com.ar\/wp-content\/uploads\/2018\/09\/congreso-1024x683.jpg 1024w, http:\/\/elmediodelcampo.com.ar\/wp-content\/uploads\/2018\/09\/congreso-956x637.jpg 956w\" sizes=\"auto, (max-width: 300px) 100vw, 300px\" \/><\/a>Desde la Federaci\u00f3n Agraria Argentina advertimos que, en caso de votarse, el proyecto de Ley que busca subir Bienes Personales para el a\u00f1o fiscal 2019 impactar\u00e1 regresivamente en los peque\u00f1os y medianos productores.<\/p>\n<p>En este marco, no podemos no decir que mientras los chacareros, las econom\u00edas regionales, las Pymes y los trabajadores venimos enfrentando la recesi\u00f3n, especialmente el sector productivo asumi\u00f3 el esfuerzo de ingresar en un nuevo circuito de retenciones hacia todos los bienes exportables, mientras tanto el sector financiero sigue acumulando beneficios. Pareciera que a algunos s\u00f3lo les toca pasar por la ventanilla de sacar, pero nunca en la de poner.<\/p>\n<p>Entendemos que el camino debe ser fortalecer la econom\u00eda y tener m\u00e1s actividad, que debemos apuntar a que haya m\u00e1s y mejor financiamiento para la producci\u00f3n, y no una nueva suba de impuestos, mucho m\u00e1s cuando ya hemos padecido en estos meses el aumento de los insumos y servicios, y los niveles casi delirantes de la tasa de inter\u00e9s.<\/p>\n<p>Por eso hacemos desde FAA un llamado de reflexi\u00f3n a la clase pol\u00edtica, fueron 18 gobernadores los que firmaron la cl\u00e1usula del Consenso Fiscal que prohib\u00eda incrementar al\u00edcuotas. Y fue el Parlamento el que aprob\u00f3 la Reforma Tributaria. Qued\u00f3 demostrado que los productores, con menor presi\u00f3n tributaria, hab\u00edamos empezado a recuperarnos. Los n\u00fameros del trigo son un ejemplo muy claro, que cuando baj\u00f3 la presi\u00f3n tributaria, casi se duplic\u00f3 la superficie sembrada. Sostenemos entonces, que a m\u00e1s presi\u00f3n tributaria, habr\u00e1 menos empleo y menos producci\u00f3n<\/p>\n","protected":false},"excerpt":{"rendered":"<p>Desde la Federaci\u00f3n Agraria Argentina advertimos que, en caso de votarse, el proyecto de Ley que busca subir Bienes Personales para el a\u00f1o fiscal 2019 impactar\u00e1 regresivamente en los peque\u00f1os y medianos productores. En este marco, no podemos no decir&#8230;<br \/><a class=\"read-more-button\" href=\"http:\/\/elmediodelcampo.com.ar\/?p=8353\">Leer m\u00e1s<\/a><\/p>\n","protected":false},"author":2,"featured_media":0,"comment_status":"closed","ping_status":"open","sticky":false,"template":"","format":"standard","meta":{"footnotes":""},"categories":[37,5,69],"tags":[],"class_list":["post-8353","post","type-post","status-publish","format-standard","hentry","category-agroindustria","category-economia","category-impuestos"],"_links":{"self":[{"href":"http:\/\/elmediodelcampo.com.ar\/index.php?rest_route=\/wp\/v2\/posts\/8353","targetHints":{"allow":["GET"]}}],"collection":[{"href":"http:\/\/elmediodelcampo.com.ar\/index.php?rest_route=\/wp\/v2\/posts"}],"about":[{"href":"http:\/\/elmediodelcampo.com.ar\/index.php?rest_route=\/wp\/v2\/types\/post"}],"author":[{"embeddable":true,"href":"http:\/\/elmediodelcampo.com.ar\/index.php?rest_route=\/wp\/v2\/users\/2"}],"replies":[{"embeddable":true,"href":"http:\/\/elmediodelcampo.com.ar\/index.php?rest_route=%2Fwp%2Fv2%2Fcomments&post=8353"}],"version-history":[{"count":1,"href":"http:\/\/elmediodelcampo.com.ar\/index.php?rest_route=\/wp\/v2\/posts\/8353\/revisions"}],"predecessor-version":[{"id":8355,"href":"http:\/\/elmediodelcampo.com.ar\/index.php?rest_route=\/wp\/v2\/posts\/8353\/revisions\/8355"}],"wp:attachment":[{"href":"http:\/\/elmediodelcampo.com.ar\/index.php?rest_route=%2Fwp%2Fv2%2Fmedia&parent=8353"}],"wp:term":[{"taxonomy":"category","embeddable":true,"href":"http:\/\/elmediodelcampo.com.ar\/index.php?rest_route=%2Fwp%2Fv2%2Fcategories&post=8353"},{"taxonomy":"post_tag","embeddable":true,"href":"http:\/\/elmediodelcampo.com.ar\/index.php?rest_route=%2Fwp%2Fv2%2Ftags&post=8353"}],"curies":[{"name":"wp","href":"https:\/\/api.w.org\/{rel}","templated":true}]}}