{"id":8341,"date":"2018-10-20T11:50:18","date_gmt":"2018-10-20T11:50:18","guid":{"rendered":"http:\/\/elmediodelcampo.com.ar\/?p=8341"},"modified":"2018-10-20T11:50:18","modified_gmt":"2018-10-20T11:50:18","slug":"avanza-la-construccion-de-biodigestores-en-el-territorio-bonaerense","status":"publish","type":"post","link":"http:\/\/elmediodelcampo.com.ar\/?p=8341","title":{"rendered":"Avanza la construcci\u00f3n de biodigestores en el territorio bonaerense"},"content":{"rendered":"<p><a href=\"http:\/\/elmediodelcampo.com.ar\/wp-content\/uploads\/2018\/10\/3-18-10.jpg\"><img loading=\"lazy\" decoding=\"async\" class=\"alignleft size-medium wp-image-8343\" src=\"http:\/\/elmediodelcampo.com.ar\/wp-content\/uploads\/2018\/10\/3-18-10-300x225.jpg\" alt=\"\" width=\"300\" height=\"225\" srcset=\"http:\/\/elmediodelcampo.com.ar\/wp-content\/uploads\/2018\/10\/3-18-10-300x225.jpg 300w, http:\/\/elmediodelcampo.com.ar\/wp-content\/uploads\/2018\/10\/3-18-10-768x576.jpg 768w, http:\/\/elmediodelcampo.com.ar\/wp-content\/uploads\/2018\/10\/3-18-10-1024x768.jpg 1024w, http:\/\/elmediodelcampo.com.ar\/wp-content\/uploads\/2018\/10\/3-18-10-956x717.jpg 956w, http:\/\/elmediodelcampo.com.ar\/wp-content\/uploads\/2018\/10\/3-18-10.jpg 1280w\" sizes=\"auto, (max-width: 300px) 100vw, 300px\" \/><\/a>El Ministerio de Agroindustria de la Provincia de Buenos Aires, a trav\u00e9s de la Direcci\u00f3n de Sustentabilidad, Medio Ambiente y Cambio Clim\u00e1tico, inform\u00f3 que para fines de 2019 se estima la construcci\u00f3n de alrededor de 40 biodigestores y la capacitaci\u00f3n de 800 estudiantes en escuelas agrot\u00e9cnicas de regiones que acumulan el 70% del potencial productivo de biog\u00e1s bonaerense.<\/p>\n<p>Esta iniciativa de innovaci\u00f3n, que forma parte de uno de los objetivos del 2020 como generar empleos de calidad tanto directos como indirectos, se da en el marco del programa \u00abBiog\u00e1s en escuelas agrot\u00e9cnicas\u201d.<\/p>\n<p>El plan consiste en el desarrollo de dos jornadas operativas de capacitaci\u00f3n t\u00e9cnica y transferencia de conocimiento, con fin de generar un prototipo de biodigestor y producir biog\u00e1s a partir del aprovechamiento de residuos org\u00e1nicos como esti\u00e9rcol y purines de las producciones pecuarias, restos de biomasa vegetal, etc.<\/p>\n<p>La producci\u00f3n de biog\u00e1s es una alternativa energ\u00e9tica con un alto potencial de desarrollo local, que permite utilizar insumos org\u00e1nicos, considerados como \u201cresiduos\u201d o \u201cdesechos\u201d, como insumo productivo, contribuyendo a su vez en el cuidado del ambiente y la transici\u00f3n a la sustentabilidad de las producciones.<\/p>\n<p>El Ministro Leonardo Sarqu\u00eds record\u00f3 que \u201cdesde el el Gobierno de Mar\u00eda Eugenia Vidal apoyamos todos los proyectos relacionados a la generaci\u00f3n de energ\u00edas renovables, donde el biog\u00e1s es una alternativa muy fuerte producto de la cantidad de biomasa que tenemos en la Provincia. El objetivo es el cuidado de los recursos y la generaci\u00f3n de empleo genuino y sustentable en el tiempo\u00bb.<\/p>\n<p>Subray\u00f3 adem\u00e1s que \u00abla Provincia de Buenos Aires tiene que ser protagonista en la materia. Hoy en el ministerio tenemos muchos proyectos importantes que est\u00e1n en curso, que son iniciativas innovadoras sustentables y que generan empleo\u00bb.<\/p>\n<p>Cabe destacar que desde el inicio del programa, se pusieron en funcionamiento biodigestores en Berazategui, Bavio, Leandro N. Alem, Trenque Lauquen, Pellegrini y Balcarce.<\/p>\n","protected":false},"excerpt":{"rendered":"<p>El Ministerio de Agroindustria de la Provincia de Buenos Aires, a trav\u00e9s de la Direcci\u00f3n de Sustentabilidad, Medio Ambiente y Cambio Clim\u00e1tico, inform\u00f3 que para fines de 2019 se estima la construcci\u00f3n de alrededor de 40 biodigestores y la capacitaci\u00f3n&#8230;<br \/><a class=\"read-more-button\" href=\"http:\/\/elmediodelcampo.com.ar\/?p=8341\">Leer m\u00e1s<\/a><\/p>\n","protected":false},"author":2,"featured_media":0,"comment_status":"closed","ping_status":"open","sticky":false,"template":"","format":"standard","meta":{"footnotes":""},"categories":[71,67,23],"tags":[],"class_list":["post-8341","post","type-post","status-publish","format-standard","hentry","category-economia-provinciales","category-energia","category-medio-ambiente"],"_links":{"self":[{"href":"http:\/\/elmediodelcampo.com.ar\/index.php?rest_route=\/wp\/v2\/posts\/8341","targetHints":{"allow":["GET"]}}],"collection":[{"href":"http:\/\/elmediodelcampo.com.ar\/index.php?rest_route=\/wp\/v2\/posts"}],"about":[{"href":"http:\/\/elmediodelcampo.com.ar\/index.php?rest_route=\/wp\/v2\/types\/post"}],"author":[{"embeddable":true,"href":"http:\/\/elmediodelcampo.com.ar\/index.php?rest_route=\/wp\/v2\/users\/2"}],"replies":[{"embeddable":true,"href":"http:\/\/elmediodelcampo.com.ar\/index.php?rest_route=%2Fwp%2Fv2%2Fcomments&post=8341"}],"version-history":[{"count":1,"href":"http:\/\/elmediodelcampo.com.ar\/index.php?rest_route=\/wp\/v2\/posts\/8341\/revisions"}],"predecessor-version":[{"id":8345,"href":"http:\/\/elmediodelcampo.com.ar\/index.php?rest_route=\/wp\/v2\/posts\/8341\/revisions\/8345"}],"wp:attachment":[{"href":"http:\/\/elmediodelcampo.com.ar\/index.php?rest_route=%2Fwp%2Fv2%2Fmedia&parent=8341"}],"wp:term":[{"taxonomy":"category","embeddable":true,"href":"http:\/\/elmediodelcampo.com.ar\/index.php?rest_route=%2Fwp%2Fv2%2Fcategories&post=8341"},{"taxonomy":"post_tag","embeddable":true,"href":"http:\/\/elmediodelcampo.com.ar\/index.php?rest_route=%2Fwp%2Fv2%2Ftags&post=8341"}],"curies":[{"name":"wp","href":"https:\/\/api.w.org\/{rel}","templated":true}]}}