{"id":614,"date":"2015-07-07T12:17:17","date_gmt":"2015-07-07T12:17:17","guid":{"rendered":"http:\/\/elmediodelcampo.com.ar\/?p=614"},"modified":"2015-07-07T12:17:17","modified_gmt":"2015-07-07T12:17:17","slug":"medida-de-fuerza-en-el-senasa","status":"publish","type":"post","link":"http:\/\/elmediodelcampo.com.ar\/?p=614","title":{"rendered":"Medida de fuerza en el Senasa"},"content":{"rendered":"<p><a href=\"http:\/\/elmediodelcampo.com.ar\/wp-content\/uploads\/2015\/07\/Ate-Senasa.jpg\"><img loading=\"lazy\" decoding=\"async\" class=\"alignleft size-medium wp-image-615\" src=\"http:\/\/elmediodelcampo.com.ar\/wp-content\/uploads\/2015\/07\/Ate-Senasa-300x239.jpg\" alt=\"Ate Senasa\" width=\"300\" height=\"239\" srcset=\"http:\/\/elmediodelcampo.com.ar\/wp-content\/uploads\/2015\/07\/Ate-Senasa-300x239.jpg 300w, http:\/\/elmediodelcampo.com.ar\/wp-content\/uploads\/2015\/07\/Ate-Senasa.jpg 891w\" sizes=\"auto, (max-width: 300px) 100vw, 300px\" \/><\/a>Tras un plenario de la provincia de Buenos Aires, se defini\u00f3 un paro nacional por 10 d\u00edas a partir ayer con acciones regionales.<\/p>\n<p>Luego de llevar adelante asambleas y reuniones en todo el pa\u00eds, y tras un plenario de la provincia de Buenos Aires, se defini\u00f3 un paro nacional por 10 d\u00edas a partir del 6 de julio con acciones regionales.<\/p>\n<p>La medida se enmarca en una lucha sostenida que los trabajadores del SENASA mantienen desde 2009, y que luego de reiteradas conciliaciones obligatorias no fue resuelta por la falta de respuesta y de predisposici\u00f3n del Estado empleador. En este sentido, en las \u00faltimas audiencias de la que se llevaron a cabo durante los meses de mayo y junio, el empleador ni siquiera fue citado por el ministerio de Trabajo por lo cual qued\u00f3 bien en claro la falta de inter\u00e9s por parte del Estado de resolver la problem\u00e1tica.<\/p>\n<p>El mi\u00e9rcoles 1 de julio los trabajadores de la provincia de Buenos Aires se reunieron en un plenario provincial de delegados para evaluar la situaci\u00f3n del organismo y las futuras medidas de acci\u00f3n respecto de la lucha que data desde 2009.<\/p>\n<p>En este sentido, los compa\u00f1eros evaluaron las realidades de cada una de las localidades, en especial de los frigor\u00edficos que se fueron recorriendo este \u00faltimo tiempo, de las barreras sanitarias, y de la situaci\u00f3n financiera agobiante que atraviesa el SENASA -escenario reconocido en la mesa de relaciones laborales nacional por el mismo organismo-.<\/p>\n<p>Entre los delegados se lleg\u00f3 a la conclusi\u00f3n de que no se arribaron a soluciones concretas por parte del Estado y que, por lo tanto, resulta necesario continuar con la pelea por los mismos reclamos que datan en su mayor\u00eda desde 2009.<\/p>\n<p>En relaci\u00f3n a los pedidos se expres\u00f3 la necesidad imperiosa de que se vote una ley de Autarqu\u00eda con el financiamiento propuesto por el proyecto que hab\u00eda sido avalado por nuestro gremio (tal como fue manifestado en las actas de la \u00faltima conciliaci\u00f3n obligatoria en el ministerio de Trabajo), y la profunda preocupaci\u00f3n por la creciente privatizaci\u00f3n de funciones que se viene de la mano de la certificaci\u00f3n electr\u00f3nica; adem\u00e1s de la necesidad de reivindicar los reclamos que siguen sin resolverse como la rediscusi\u00f3n del convenio colectivo de trabajo vencido, la necesidad de implementar los adicionales para los compa\u00f1eros contratados (art\u00edculo 9), la erradicaci\u00f3n de la tremenda precarizaci\u00f3n laboral que sufren los compa\u00f1eros contratados, la discriminaci\u00f3n que existe hacia los trabajadores del organismo en relaci\u00f3n a otros organismos del Estado nacional que cumpliendo funciones similares a las de SENASA cobran el doble o el triple de lo que cobran los compa\u00f1eros (por ejemplo la AFIP, la ADUANA).<\/p>\n<p>Por ese motivo, y atendiendo a las necesidades de cada uno de los sectores dentro del organismo, se vot\u00f3 por unanimidad entre los estatales de la provincia de Buenos Aires ir a un paro nacional por 10 d\u00edas a partir del lunes 6 de julio con acciones regionales que pongan nuevamente en relevancia la necesidad de la apertura de la paritaria sectorial, la equiparaci\u00f3n de salarios con organismos afines que cumplen funciones similares como AFIP, Migraciones, ADUANA, INTA, los adicionales adeudados al art\u00edculo 9, el pase a planta permanente de todos los compa\u00f1eros contratados, la implementaci\u00f3n de la banda horaria de las barreras sanitarias, el 82% m\u00f3vil jubilatorio para todos los trabajadores del organismo, la necesidad de terminar con la precarizaci\u00f3n laboral y la privatizaci\u00f3n de las funciones indelegables del Estado nacional, de terminar con el impuesto al salario, la extensi\u00f3n del derecho de horas extra a todos los trabajadores sin tope salarial, la inclusi\u00f3n del SENASA en la tasa aeroportuaria, y la necesidad de veedores gremiales en todas las auditor\u00edas internas y externas. ATE<\/p>\n","protected":false},"excerpt":{"rendered":"<p>Tras un plenario de la provincia de Buenos Aires, se defini\u00f3 un paro nacional por 10 d\u00edas a partir ayer con acciones regionales. Luego de llevar adelante asambleas y reuniones en todo el pa\u00eds, y tras un plenario de la&#8230;<br \/><a class=\"read-more-button\" href=\"http:\/\/elmediodelcampo.com.ar\/?p=614\">Leer m\u00e1s<\/a><\/p>\n","protected":false},"author":2,"featured_media":0,"comment_status":"closed","ping_status":"open","sticky":false,"template":"","format":"standard","meta":{"footnotes":""},"categories":[3],"tags":[],"class_list":["post-614","post","type-post","status-publish","format-standard","hentry","category-politica"],"_links":{"self":[{"href":"http:\/\/elmediodelcampo.com.ar\/index.php?rest_route=\/wp\/v2\/posts\/614","targetHints":{"allow":["GET"]}}],"collection":[{"href":"http:\/\/elmediodelcampo.com.ar\/index.php?rest_route=\/wp\/v2\/posts"}],"about":[{"href":"http:\/\/elmediodelcampo.com.ar\/index.php?rest_route=\/wp\/v2\/types\/post"}],"author":[{"embeddable":true,"href":"http:\/\/elmediodelcampo.com.ar\/index.php?rest_route=\/wp\/v2\/users\/2"}],"replies":[{"embeddable":true,"href":"http:\/\/elmediodelcampo.com.ar\/index.php?rest_route=%2Fwp%2Fv2%2Fcomments&post=614"}],"version-history":[{"count":1,"href":"http:\/\/elmediodelcampo.com.ar\/index.php?rest_route=\/wp\/v2\/posts\/614\/revisions"}],"predecessor-version":[{"id":616,"href":"http:\/\/elmediodelcampo.com.ar\/index.php?rest_route=\/wp\/v2\/posts\/614\/revisions\/616"}],"wp:attachment":[{"href":"http:\/\/elmediodelcampo.com.ar\/index.php?rest_route=%2Fwp%2Fv2%2Fmedia&parent=614"}],"wp:term":[{"taxonomy":"category","embeddable":true,"href":"http:\/\/elmediodelcampo.com.ar\/index.php?rest_route=%2Fwp%2Fv2%2Fcategories&post=614"},{"taxonomy":"post_tag","embeddable":true,"href":"http:\/\/elmediodelcampo.com.ar\/index.php?rest_route=%2Fwp%2Fv2%2Ftags&post=614"}],"curies":[{"name":"wp","href":"https:\/\/api.w.org\/{rel}","templated":true}]}}