{"id":611,"date":"2015-07-06T21:51:43","date_gmt":"2015-07-06T21:51:43","guid":{"rendered":"http:\/\/elmediodelcampo.com.ar\/?p=611"},"modified":"2015-07-06T21:51:43","modified_gmt":"2015-07-06T21:51:43","slug":"uruguay-advierten-que-efectos-de-la-sequia-recien-comenzaran-a-superarse-en-primavera","status":"publish","type":"post","link":"http:\/\/elmediodelcampo.com.ar\/?p=611","title":{"rendered":"Uruguay: Advierten que efectos de la sequ\u00eda reci\u00e9n comenzar\u00e1n a superarse en primavera"},"content":{"rendered":"<p>&nbsp;<\/p>\n<p><a href=\"http:\/\/elmediodelcampo.com.ar\/wp-content\/uploads\/2015\/07\/0001481320.jpg\"><img loading=\"lazy\" decoding=\"async\" class=\"alignleft size-medium wp-image-612\" src=\"http:\/\/elmediodelcampo.com.ar\/wp-content\/uploads\/2015\/07\/0001481320-300x225.jpg\" alt=\"0001481320\" width=\"300\" height=\"225\" srcset=\"http:\/\/elmediodelcampo.com.ar\/wp-content\/uploads\/2015\/07\/0001481320-300x225.jpg 300w, http:\/\/elmediodelcampo.com.ar\/wp-content\/uploads\/2015\/07\/0001481320.jpg 845w\" sizes=\"auto, (max-width: 300px) 100vw, 300px\" \/><\/a>El presidente de la Asociaci\u00f3n Rural del Uruguay (ARU), Ricardo Reilly manifest\u00f3 su preocupaci\u00f3n por la situacion de la lecher\u00eda<br \/>\n\u00abDebemos ser conscientes de que esta seca le va a significar un gran sobrecosto a la producci\u00f3n nacional y una importante ca\u00edda de ingresos al pa\u00eds\u00bb, destac\u00f3 a El Observador el presidente de la Asociaci\u00f3n Rural del Uruguay (ARU), Ricardo Reilly. Afirm\u00f3 que hay zonas muy complicadas, en las cuales la seca se focaliz\u00f3 y por m\u00e1s ayudas que se est\u00e9n ejecutando, de esta situaci\u00f3n no se sale hasta la primavera.<br \/>\nEl dirigente remarc\u00f3 puntualmente que la preocupa a la gremial el momento cr\u00edtico que atraviesa el sector lechero, \u00abel cual estamos siguiendo de cerca desde ARU\u00bb.<\/p>\n<p>Consultados sobre aspectos impositivos dijo que en la reciente visita al parlamento \u00abmarcamos nuestra posici\u00f3n contraria al impuesto a Primaria, basada en la logica tributaria de la \u00faltima reforma del a\u00f1o 2007. No estamos en contra del fin que persigue el impuesto, pero s\u00ed en su fundamento t\u00e9cnico. Se trata de un impuesto ciego a la tierra, de una renta afectada, es decir cuyo destino es espec\u00edfico. Es una mala manera de legislar en materia de pol\u00edtica tributari\u00bb.<br \/>\nAcerca de la situaci\u00f3n de mercados Reilly opin\u00f3 que hay escasez de oferta de ganado gordo por el tema clim\u00e1tico y es probable que el precio de la hacienda suba a\u00fan m\u00e1s, pero el tema de fondo es que no hay ganados bien terminados.<\/p>\n<p>Consider\u00f3 que habr\u00e1 una postzafra marcada, pero de todas formas hay un importante retraso en las comidas y por lo tanto habr\u00e1 que ver con qu\u00e9 grado de fluidez aparecer\u00e1n los ganados prontos una vez entrada la primavera. No es el mejor momento para analizar el mercado ganadero debido a la situaci\u00f3n clim\u00e1tica compleja que atraviesa el sector.<\/p>\n<p>M\u00e1s importante que hablar de los engordes, es trabajar para no comprometer la m\u00e1quina de producir que es la vaca de cr\u00eda y las hembras que entrar\u00e1n al primer entore en la primavera. De la producci\u00f3n de terneros depende el futuro de la ganader\u00eda nacional, sostuvo el titular de la ARU.<\/p>\n","protected":false},"excerpt":{"rendered":"<p>&nbsp; El presidente de la Asociaci\u00f3n Rural del Uruguay (ARU), Ricardo Reilly manifest\u00f3 su preocupaci\u00f3n por la situacion de la lecher\u00eda \u00abDebemos ser conscientes de que esta seca le va a significar un gran sobrecosto a la producci\u00f3n nacional y&#8230;<br \/><a class=\"read-more-button\" href=\"http:\/\/elmediodelcampo.com.ar\/?p=611\">Leer m\u00e1s<\/a><\/p>\n","protected":false},"author":2,"featured_media":0,"comment_status":"closed","ping_status":"open","sticky":false,"template":"","format":"standard","meta":{"footnotes":""},"categories":[14],"tags":[],"class_list":["post-611","post","type-post","status-publish","format-standard","hentry","category-internacionales"],"_links":{"self":[{"href":"http:\/\/elmediodelcampo.com.ar\/index.php?rest_route=\/wp\/v2\/posts\/611","targetHints":{"allow":["GET"]}}],"collection":[{"href":"http:\/\/elmediodelcampo.com.ar\/index.php?rest_route=\/wp\/v2\/posts"}],"about":[{"href":"http:\/\/elmediodelcampo.com.ar\/index.php?rest_route=\/wp\/v2\/types\/post"}],"author":[{"embeddable":true,"href":"http:\/\/elmediodelcampo.com.ar\/index.php?rest_route=\/wp\/v2\/users\/2"}],"replies":[{"embeddable":true,"href":"http:\/\/elmediodelcampo.com.ar\/index.php?rest_route=%2Fwp%2Fv2%2Fcomments&post=611"}],"version-history":[{"count":1,"href":"http:\/\/elmediodelcampo.com.ar\/index.php?rest_route=\/wp\/v2\/posts\/611\/revisions"}],"predecessor-version":[{"id":613,"href":"http:\/\/elmediodelcampo.com.ar\/index.php?rest_route=\/wp\/v2\/posts\/611\/revisions\/613"}],"wp:attachment":[{"href":"http:\/\/elmediodelcampo.com.ar\/index.php?rest_route=%2Fwp%2Fv2%2Fmedia&parent=611"}],"wp:term":[{"taxonomy":"category","embeddable":true,"href":"http:\/\/elmediodelcampo.com.ar\/index.php?rest_route=%2Fwp%2Fv2%2Fcategories&post=611"},{"taxonomy":"post_tag","embeddable":true,"href":"http:\/\/elmediodelcampo.com.ar\/index.php?rest_route=%2Fwp%2Fv2%2Ftags&post=611"}],"curies":[{"name":"wp","href":"https:\/\/api.w.org\/{rel}","templated":true}]}}