{"id":604,"date":"2015-07-06T21:34:26","date_gmt":"2015-07-06T21:34:26","guid":{"rendered":"http:\/\/elmediodelcampo.com.ar\/?p=604"},"modified":"2015-07-06T21:34:26","modified_gmt":"2015-07-06T21:34:26","slug":"tambos-en-quebranto","status":"publish","type":"post","link":"http:\/\/elmediodelcampo.com.ar\/?p=604","title":{"rendered":"Tambos en Quebranto"},"content":{"rendered":"<p><a href=\"http:\/\/elmediodelcampo.com.ar\/wp-content\/uploads\/2015\/07\/vaca-holando.jpg\"><img loading=\"lazy\" decoding=\"async\" class=\"alignleft size-medium wp-image-591\" src=\"http:\/\/elmediodelcampo.com.ar\/wp-content\/uploads\/2015\/07\/vaca-holando-300x199.jpg\" alt=\"vaca holando\" width=\"300\" height=\"199\" \/><\/a>Los productores de leche de la provincia de Buenos Aires hacen saber: la situaci\u00f3n de quebranto que est\u00e1n atravesando en su explotaci\u00f3n, producto de las malas pol\u00edticas implementadas desde el gobierno de la Naci\u00f3n y por la fuerte distorsi\u00f3n en la cadena comercial, que pone al productor como variable de ajuste de los otros dos eslabones: industria y comercio. Que, desde las usinas nos informan de una baja en los precios que aplicar\u00e1n retroactivamente en contra de toda l\u00f3gica y racionalidad econ\u00f3mica, generando el cierre de tambos con la consecuente p\u00e9rdida de trabajo de las familias de campo, y originando con ello un fuerte impacto social.<br \/>\nEl precio de la materia prima junio de 2015 es de 3.15 pesos el litro, contra junio de 2014 de 3.06, lo que arroja un incremento anual del 3 %, \u201cmuy lejos de la inflaci\u00f3n oficial\u201d.<br \/>\nPor todo lo mencionado precedentemente, requerimos en el orden coyuntural: una inmediata recomposici\u00f3n del precio por la materia prima; una no discriminaci\u00f3n del aporte no retornable de 0,30 pesos por litro a todos los productores tamberos de la Provincia, como as\u00ed tambi\u00e9n a los tambos f\u00e1brica reglamentados en la misma, haci\u00e9ndolo hasta fin de a\u00f1o y para los primeros 3.000 litros; un aumento en los reintegros de exportaci\u00f3n, llev\u00e1ndolos al m\u00e1ximo permitido por la normativa vigente; y, en el orden de grav\u00e1menes impositivos nacionales y provinciales, plantear bajas temporales -de seis a nueve meses- para paliar la coyuntura.<br \/>\nY de una buena vez por todas, trabajar en los sistemas estructurales que afectan al sector para terminar con estas situaciones c\u00edclicas, que llevan al desaliento productivo e impiden un crecimiento sostenido y una adecuada planificaci\u00f3n.<\/p>\n","protected":false},"excerpt":{"rendered":"<p>Los productores de leche de la provincia de Buenos Aires hacen saber: la situaci\u00f3n de quebranto que est\u00e1n atravesando en su explotaci\u00f3n, producto de las malas pol\u00edticas implementadas desde el gobierno de la Naci\u00f3n y por la fuerte distorsi\u00f3n en&#8230;<br \/><a class=\"read-more-button\" href=\"http:\/\/elmediodelcampo.com.ar\/?p=604\">Leer m\u00e1s<\/a><\/p>\n","protected":false},"author":2,"featured_media":0,"comment_status":"closed","ping_status":"open","sticky":false,"template":"","format":"standard","meta":{"footnotes":""},"categories":[7],"tags":[],"class_list":["post-604","post","type-post","status-publish","format-standard","hentry","category-agronegocios"],"_links":{"self":[{"href":"http:\/\/elmediodelcampo.com.ar\/index.php?rest_route=\/wp\/v2\/posts\/604","targetHints":{"allow":["GET"]}}],"collection":[{"href":"http:\/\/elmediodelcampo.com.ar\/index.php?rest_route=\/wp\/v2\/posts"}],"about":[{"href":"http:\/\/elmediodelcampo.com.ar\/index.php?rest_route=\/wp\/v2\/types\/post"}],"author":[{"embeddable":true,"href":"http:\/\/elmediodelcampo.com.ar\/index.php?rest_route=\/wp\/v2\/users\/2"}],"replies":[{"embeddable":true,"href":"http:\/\/elmediodelcampo.com.ar\/index.php?rest_route=%2Fwp%2Fv2%2Fcomments&post=604"}],"version-history":[{"count":1,"href":"http:\/\/elmediodelcampo.com.ar\/index.php?rest_route=\/wp\/v2\/posts\/604\/revisions"}],"predecessor-version":[{"id":605,"href":"http:\/\/elmediodelcampo.com.ar\/index.php?rest_route=\/wp\/v2\/posts\/604\/revisions\/605"}],"wp:attachment":[{"href":"http:\/\/elmediodelcampo.com.ar\/index.php?rest_route=%2Fwp%2Fv2%2Fmedia&parent=604"}],"wp:term":[{"taxonomy":"category","embeddable":true,"href":"http:\/\/elmediodelcampo.com.ar\/index.php?rest_route=%2Fwp%2Fv2%2Fcategories&post=604"},{"taxonomy":"post_tag","embeddable":true,"href":"http:\/\/elmediodelcampo.com.ar\/index.php?rest_route=%2Fwp%2Fv2%2Ftags&post=604"}],"curies":[{"name":"wp","href":"https:\/\/api.w.org\/{rel}","templated":true}]}}