{"id":601,"date":"2015-07-03T13:01:40","date_gmt":"2015-07-03T13:01:40","guid":{"rendered":"http:\/\/elmediodelcampo.com.ar\/?p=601"},"modified":"2015-07-03T13:01:40","modified_gmt":"2015-07-03T13:01:40","slug":"entre-rios-las-lluvias-fueron-muy-beneficas-pero-insuficientes","status":"publish","type":"post","link":"http:\/\/elmediodelcampo.com.ar\/?p=601","title":{"rendered":"Entre R\u00edos: Las lluvias fueron muy ben\u00e9ficas, pero insuficientes"},"content":{"rendered":"<p><a href=\"http:\/\/elmediodelcampo.com.ar\/wp-content\/uploads\/2015\/07\/3045.jpg\"><img loading=\"lazy\" decoding=\"async\" class=\"alignleft size-medium wp-image-602\" src=\"http:\/\/elmediodelcampo.com.ar\/wp-content\/uploads\/2015\/07\/3045-276x300.jpg\" alt=\"3045\" width=\"276\" height=\"300\" srcset=\"http:\/\/elmediodelcampo.com.ar\/wp-content\/uploads\/2015\/07\/3045-276x300.jpg 276w, http:\/\/elmediodelcampo.com.ar\/wp-content\/uploads\/2015\/07\/3045.jpg 480w\" sizes=\"auto, (max-width: 276px) 100vw, 276px\" \/><\/a>Las lluvias fueron muy ben\u00e9ficas, pero por sectores insuficientesEs cierto que las \u00faltimas precipitaciones registrads en casi todo el \u00e1mbito provincial bastaron para detener la insipiente sequ\u00eda que se perfilaba en Villaguay y el norte de La Paz, pero estos sectores deber\u00edan haber recibido otros 20 mil\u00edmetros para lograr alcanzar un estado adecuado de reservas, seg\u00fan lo relevado esta semana el Sistema de Informaci\u00f3n de la Bolsa de Cereales de Entre R\u00edos (SIBER).<br \/>\nPoniendo las reservas en contexto, de acuerdo a las necesidades de los cultivos y\/o las tareas de implantaci\u00f3n que quedan pendientes, desde el SIBER sostienen que el panorama se ha normalizado e incluso por sectores se presenta holgado. Por lo pronto aquellos productores que mantengan la intenci\u00f3n de siembra vigente, lograr\u00e1n por estos d\u00edas llevar adelante esta tarea, seguramente imponiendo un cambio de estrategia con la utilizaci\u00f3n de ciclos cortos.<\/p>\n<p>Las lluvias de los \u00faltimos d\u00edas de junio pusieron fin a un extendido per\u00edodo de precipitaciones muy modestas que se hab\u00edan venido observando en la provincia, las cuales acumulaban registros que ven\u00edan quedando muy atrasados. Esto se observaba desde principios de mayo.<\/p>\n<p>Los t\u00e9cnicos del SIBER dijeron que \u201csi ponemos como valor medio del mes de junio una marca de 50 mil\u00edmetros, la misma es representativa a gran escala. Teniendo en cuenta este valor, cada productor podr\u00e1 reconocer en qu\u00e9 medida este valor estad\u00edstico fue superado o por el contrario no fue alcanzado. Con los registros de las estaciones autom\u00e1ticas de la BCER, se detectan no pocas localidades del centro de la provincia que no alcanzaron los 25 mil\u00edmetros, es decir un 50 por ciento por debajo del valor normal de junio\u201d.<\/p>\n","protected":false},"excerpt":{"rendered":"<p>Las lluvias fueron muy ben\u00e9ficas, pero por sectores insuficientesEs cierto que las \u00faltimas precipitaciones registrads en casi todo el \u00e1mbito provincial bastaron para detener la insipiente sequ\u00eda que se perfilaba en Villaguay y el norte de La Paz, pero estos&#8230;<br \/><a class=\"read-more-button\" href=\"http:\/\/elmediodelcampo.com.ar\/?p=601\">Leer m\u00e1s<\/a><\/p>\n","protected":false},"author":2,"featured_media":0,"comment_status":"closed","ping_status":"open","sticky":false,"template":"","format":"standard","meta":{"footnotes":""},"categories":[11],"tags":[],"class_list":["post-601","post","type-post","status-publish","format-standard","hentry","category-agricultura"],"_links":{"self":[{"href":"http:\/\/elmediodelcampo.com.ar\/index.php?rest_route=\/wp\/v2\/posts\/601","targetHints":{"allow":["GET"]}}],"collection":[{"href":"http:\/\/elmediodelcampo.com.ar\/index.php?rest_route=\/wp\/v2\/posts"}],"about":[{"href":"http:\/\/elmediodelcampo.com.ar\/index.php?rest_route=\/wp\/v2\/types\/post"}],"author":[{"embeddable":true,"href":"http:\/\/elmediodelcampo.com.ar\/index.php?rest_route=\/wp\/v2\/users\/2"}],"replies":[{"embeddable":true,"href":"http:\/\/elmediodelcampo.com.ar\/index.php?rest_route=%2Fwp%2Fv2%2Fcomments&post=601"}],"version-history":[{"count":1,"href":"http:\/\/elmediodelcampo.com.ar\/index.php?rest_route=\/wp\/v2\/posts\/601\/revisions"}],"predecessor-version":[{"id":603,"href":"http:\/\/elmediodelcampo.com.ar\/index.php?rest_route=\/wp\/v2\/posts\/601\/revisions\/603"}],"wp:attachment":[{"href":"http:\/\/elmediodelcampo.com.ar\/index.php?rest_route=%2Fwp%2Fv2%2Fmedia&parent=601"}],"wp:term":[{"taxonomy":"category","embeddable":true,"href":"http:\/\/elmediodelcampo.com.ar\/index.php?rest_route=%2Fwp%2Fv2%2Fcategories&post=601"},{"taxonomy":"post_tag","embeddable":true,"href":"http:\/\/elmediodelcampo.com.ar\/index.php?rest_route=%2Fwp%2Fv2%2Ftags&post=601"}],"curies":[{"name":"wp","href":"https:\/\/api.w.org\/{rel}","templated":true}]}}