{"id":590,"date":"2015-07-02T13:33:19","date_gmt":"2015-07-02T13:33:19","guid":{"rendered":"http:\/\/elmediodelcampo.com.ar\/?p=590"},"modified":"2015-07-02T13:33:19","modified_gmt":"2015-07-02T13:33:19","slug":"los-tamberos-de-santa-fe-se-declaran-agotados-y-decepcionados","status":"publish","type":"post","link":"http:\/\/elmediodelcampo.com.ar\/?p=590","title":{"rendered":"Los tamberos de Santa Fe se declaran \u201cagotados y decepcionados\u201d"},"content":{"rendered":"<p><a href=\"http:\/\/elmediodelcampo.com.ar\/wp-content\/uploads\/2015\/07\/vaca-holando.jpg\"><img loading=\"lazy\" decoding=\"async\" class=\"alignleft size-medium wp-image-591\" src=\"http:\/\/elmediodelcampo.com.ar\/wp-content\/uploads\/2015\/07\/vaca-holando-300x199.jpg\" alt=\"vaca holando\" width=\"300\" height=\"199\" \/><\/a>La Mesa de Productores Lecheros de Santa Fe emiti\u00f3 una dura declaraci\u00f3n sobre la actualidad del sector. Se pronunciaron en contra del corte de rutas o bloqueos, y pidieron un desdoblamiento en el precio de la leche al productor. Le\u00e9 el contenido completo de la declaraci\u00f3n.<br \/>\nLos productores tamberos estamos agotados de:<\/p>\n<p>-que c\u00edclicamente padecemos crisis por razones de coyunturas internas o externas;<\/p>\n<p>-que funcionarios del gobierno se jacten de los avances que ha tenido el sector en los \u00faltimos 12 a\u00f1os y cuando se analizan los n\u00fameros vemos que estamos igual que en el 2002;<\/p>\n<p>-que el gobierno intervenga tarde y mal cada vez que lo hace (precios de corte, subsidios, pisos y techos de precios al productor, etc)<\/p>\n<p>-que no regule una actividad tan sensible a los mercados internacionales y a las contingencias clim\u00e1ticas;<\/p>\n<p>-que promete convocar a reuniones para tratar temas estructurales y no lo hace.<\/p>\n<p>-que los subsidios de coyuntura no le sirven al sistema productivo;<\/p>\n<p>-que nunca se hayan conocido los resultados del estudio de competitividad (\u00bfno ser\u00e1 acaso que es el estado es quien m\u00e1s renta se lleva sin arriesgar un peso?)<\/p>\n<p>-que no se hayan analizado en todos estos a\u00f1os las diversas propuestas de soluci\u00f3n que a nuestro entender le hace falta al sector. Las mismas han sido entregadas en mano a funcionarios de cada uno de los estamentos que nos recibieron: Ministerio de Agricultura; Ministerio de Econom\u00eda, Jefatura de Gabinete, Presidencia de la C\u00e1mara de Diputados de la Naci\u00f3n, etc.<\/p>\n<p>SABEMOS:<\/p>\n<p>-que la lecher\u00eda mundial est\u00e1 atravesando por un fuerte proceso de cambios productivos y de negocios que han impulsado los precios a una inesperada baja. La tendencia se comenzar\u00eda a revertir reci\u00e9n en el 2do. trimestre del 2016;<\/p>\n<p>-que el gobierno nacional no da se\u00f1ales de apoyo concreto a un sector que se le asigna vital importancia por producir un alimento b\u00e1sico para el pa\u00eds;<\/p>\n<p>-que somos el primer eslab\u00f3n de la cadena l\u00e1ctea, pero nos tratan \u2013curiosamente- como si fu\u00e9ramos \u201cprescindibles\u201d por quienes deben decidir pol\u00edticas de Estado coherentes con este sector. Cierre de tambos y m\u00e1s familias sin trabajo en el campo. \u00bfEntienden el impacto social de este proceso?<\/p>\n<p>-que medidos los precios de la materia prima junio 2015 a $3.15 contra junio 2014 a $3.06, arroja un incremento anual del 3%, muy lejos de la inflaci\u00f3n \u201coficial\u201d;<\/p>\n<p>-que es necesario la creaci\u00f3n de un fondo antic\u00edclico el cual deber\u00eda ser usado en \u00e9pocas de crisis;<\/p>\n<p>-que la situaci\u00f3n no se resuelve con bloqueos a f\u00e1bricas y quema de neum\u00e1ticos en las rutas como se intenta llevar a cabo desde otras instituciones, no es el camino hacia una soluci\u00f3n. Hemos demostrado clara vocaci\u00f3n de di\u00e1logo.<\/p>\n<p>-que es necesario el desdoblamiento de precios de la leche que se exporta de la que va al mercado interno.<\/p>\n<p>QUEREMOS QUE:<\/p>\n<p>De una buena vez por todas, se trabaje en los temas estructurales que afectan al sector para terminar con estas coyunturas que llevan al desaliento productivo y que impiden un crecimiento sostenido con adecuada planificaci\u00f3n. Necesitamos un escenario previsible y lamentablemente esto no ocurre.<br \/>\nhttp:\/\/elecodesunchales.com.ar<\/p>\n","protected":false},"excerpt":{"rendered":"<p>La Mesa de Productores Lecheros de Santa Fe emiti\u00f3 una dura declaraci\u00f3n sobre la actualidad del sector. Se pronunciaron en contra del corte de rutas o bloqueos, y pidieron un desdoblamiento en el precio de la leche al productor. Le\u00e9&#8230;<br \/><a class=\"read-more-button\" href=\"http:\/\/elmediodelcampo.com.ar\/?p=590\">Leer m\u00e1s<\/a><\/p>\n","protected":false},"author":2,"featured_media":0,"comment_status":"closed","ping_status":"open","sticky":false,"template":"","format":"standard","meta":{"footnotes":""},"categories":[5],"tags":[],"class_list":["post-590","post","type-post","status-publish","format-standard","hentry","category-economia"],"_links":{"self":[{"href":"http:\/\/elmediodelcampo.com.ar\/index.php?rest_route=\/wp\/v2\/posts\/590","targetHints":{"allow":["GET"]}}],"collection":[{"href":"http:\/\/elmediodelcampo.com.ar\/index.php?rest_route=\/wp\/v2\/posts"}],"about":[{"href":"http:\/\/elmediodelcampo.com.ar\/index.php?rest_route=\/wp\/v2\/types\/post"}],"author":[{"embeddable":true,"href":"http:\/\/elmediodelcampo.com.ar\/index.php?rest_route=\/wp\/v2\/users\/2"}],"replies":[{"embeddable":true,"href":"http:\/\/elmediodelcampo.com.ar\/index.php?rest_route=%2Fwp%2Fv2%2Fcomments&post=590"}],"version-history":[{"count":1,"href":"http:\/\/elmediodelcampo.com.ar\/index.php?rest_route=\/wp\/v2\/posts\/590\/revisions"}],"predecessor-version":[{"id":592,"href":"http:\/\/elmediodelcampo.com.ar\/index.php?rest_route=\/wp\/v2\/posts\/590\/revisions\/592"}],"wp:attachment":[{"href":"http:\/\/elmediodelcampo.com.ar\/index.php?rest_route=%2Fwp%2Fv2%2Fmedia&parent=590"}],"wp:term":[{"taxonomy":"category","embeddable":true,"href":"http:\/\/elmediodelcampo.com.ar\/index.php?rest_route=%2Fwp%2Fv2%2Fcategories&post=590"},{"taxonomy":"post_tag","embeddable":true,"href":"http:\/\/elmediodelcampo.com.ar\/index.php?rest_route=%2Fwp%2Fv2%2Ftags&post=590"}],"curies":[{"name":"wp","href":"https:\/\/api.w.org\/{rel}","templated":true}]}}