{"id":15124,"date":"2026-08-31T22:54:11","date_gmt":"2026-08-31T22:54:11","guid":{"rendered":"http:\/\/elmediodelcampo.com.ar\/?p=15124"},"modified":"2026-08-31T22:54:12","modified_gmt":"2026-08-31T22:54:12","slug":"incair-julio-2026-nuevo-descenso-en-la-actividad-inmobiliaria-rural","status":"publish","type":"post","link":"http:\/\/elmediodelcampo.com.ar\/?p=15124","title":{"rendered":"InCAIR julio 2026: nuevo descenso en la actividad inmobiliaria rural"},"content":{"rendered":"\n<figure class=\"wp-block-image size-full is-resized\"><a href=\"http:\/\/elmediodelcampo.com.ar\/wp-content\/uploads\/2024\/05\/agrot.jpg\"><img loading=\"lazy\" decoding=\"async\" width=\"640\" height=\"454\" src=\"http:\/\/elmediodelcampo.com.ar\/wp-content\/uploads\/2024\/05\/agrot.jpg\" alt=\"\" class=\"wp-image-14099\" style=\"width:762px;height:auto\" srcset=\"http:\/\/elmediodelcampo.com.ar\/wp-content\/uploads\/2024\/05\/agrot.jpg 640w, http:\/\/elmediodelcampo.com.ar\/wp-content\/uploads\/2024\/05\/agrot-300x213.jpg 300w\" sizes=\"auto, (max-width: 640px) 100vw, 640px\" \/><\/a><\/figure>\n\n\n\n<p class=\"wp-block-paragraph\">La C\u00e1mara Argentina de Inmobiliarias Rurales (CAIR) publica el \u00cdndice de Actividad del Mercado Inmobiliario Rural (InCAIR).<br>Este \u00edndice refleja la actividad del mercado inmobiliario rural en todo el pa\u00eds y no referencia de precios o valores de campos.<br>El \u00edndice comenz\u00f3 a registrarse en noviembre de 2013.<\/p>\n\n\n\n<p class=\"wp-block-paragraph\">El InCAIR se conforma, principalmente, por:<\/p>\n\n\n\n<p class=\"wp-block-paragraph\">-Resultados de la encuesta mensual de actividad efectuada entre socios de todo el pa\u00eds;<br>-Cantidad de avisos publicitarios de campos en venta o alquiler en los principales medios gr\u00e1ficos de tirada nacional;<br>-Cantidad de anunciantes en la web de CAIR;<br>-Operaciones rurales realizadas en el periodo analizado;<br>-B\u00fasquedas y consultas efectuadas por inversores en la web de CAIR, y;<br>-Cantidad de avisos comerciales en las principales plazas del interior del pa\u00eds.<\/p>\n","protected":false},"excerpt":{"rendered":"<p>La C\u00e1mara Argentina de Inmobiliarias Rurales (CAIR) publica el \u00cdndice de Actividad del Mercado Inmobiliario Rural (InCAIR).Este \u00edndice refleja la actividad del mercado inmobiliario rural en todo el pa\u00eds y no referencia de precios o valores de campos.El \u00edndice comenz\u00f3&#8230;<br \/><a class=\"read-more-button\" href=\"http:\/\/elmediodelcampo.com.ar\/?p=15124\">Leer m\u00e1s<\/a><\/p>\n","protected":false},"author":1,"featured_media":0,"comment_status":"closed","ping_status":"open","sticky":false,"template":"","format":"standard","meta":{"footnotes":""},"categories":[11],"tags":[],"class_list":["post-15124","post","type-post","status-publish","format-standard","hentry","category-agricultura"],"_links":{"self":[{"href":"http:\/\/elmediodelcampo.com.ar\/index.php?rest_route=\/wp\/v2\/posts\/15124","targetHints":{"allow":["GET"]}}],"collection":[{"href":"http:\/\/elmediodelcampo.com.ar\/index.php?rest_route=\/wp\/v2\/posts"}],"about":[{"href":"http:\/\/elmediodelcampo.com.ar\/index.php?rest_route=\/wp\/v2\/types\/post"}],"author":[{"embeddable":true,"href":"http:\/\/elmediodelcampo.com.ar\/index.php?rest_route=\/wp\/v2\/users\/1"}],"replies":[{"embeddable":true,"href":"http:\/\/elmediodelcampo.com.ar\/index.php?rest_route=%2Fwp%2Fv2%2Fcomments&post=15124"}],"version-history":[{"count":1,"href":"http:\/\/elmediodelcampo.com.ar\/index.php?rest_route=\/wp\/v2\/posts\/15124\/revisions"}],"predecessor-version":[{"id":15125,"href":"http:\/\/elmediodelcampo.com.ar\/index.php?rest_route=\/wp\/v2\/posts\/15124\/revisions\/15125"}],"wp:attachment":[{"href":"http:\/\/elmediodelcampo.com.ar\/index.php?rest_route=%2Fwp%2Fv2%2Fmedia&parent=15124"}],"wp:term":[{"taxonomy":"category","embeddable":true,"href":"http:\/\/elmediodelcampo.com.ar\/index.php?rest_route=%2Fwp%2Fv2%2Fcategories&post=15124"},{"taxonomy":"post_tag","embeddable":true,"href":"http:\/\/elmediodelcampo.com.ar\/index.php?rest_route=%2Fwp%2Fv2%2Ftags&post=15124"}],"curies":[{"name":"wp","href":"https:\/\/api.w.org\/{rel}","templated":true}]}}