{"id":15119,"date":"2026-08-31T22:47:16","date_gmt":"2026-08-31T22:47:16","guid":{"rendered":"http:\/\/elmediodelcampo.com.ar\/?p=15119"},"modified":"2026-08-31T22:47:17","modified_gmt":"2026-08-31T22:47:17","slug":"profertil-presenta-sus-avances-en-sostenibilidad-y-huella-de-carbono-en-el-congreso-aapresid-2026","status":"publish","type":"post","link":"http:\/\/elmediodelcampo.com.ar\/?p=15119","title":{"rendered":"Profertil presenta sus avances en sostenibilidad y huella de carbono en el Congreso Aapresid 2026"},"content":{"rendered":"\n<figure class=\"wp-block-image size-full\"><a href=\"http:\/\/elmediodelcampo.com.ar\/wp-content\/uploads\/2020\/02\/Planta-Profertil.jpg\"><img loading=\"lazy\" decoding=\"async\" width=\"800\" height=\"600\" src=\"http:\/\/elmediodelcampo.com.ar\/wp-content\/uploads\/2020\/02\/Planta-Profertil.jpg\" alt=\"\" class=\"wp-image-11530\" srcset=\"http:\/\/elmediodelcampo.com.ar\/wp-content\/uploads\/2020\/02\/Planta-Profertil.jpg 800w, http:\/\/elmediodelcampo.com.ar\/wp-content\/uploads\/2020\/02\/Planta-Profertil-300x225.jpg 300w, http:\/\/elmediodelcampo.com.ar\/wp-content\/uploads\/2020\/02\/Planta-Profertil-768x576.jpg 768w\" sizes=\"auto, (max-width: 800px) 100vw, 800px\" \/><\/a><\/figure>\n\n\n\n<p class=\"wp-block-paragraph\">Profertil comparti\u00f3 el proyecto de huella de carbono realizado en la compa\u00f1\u00eda e impulsado junto con Aapresid. Que ocurri\u00f3, justamente, en el marco de la edici\u00f3n 2026 del Congreso Aapresid, cuyo lema para este a\u00f1o es \u201cNuestro suelo,<br>nuestra voz\u201d.<\/p>\n\n\n\n<p class=\"wp-block-paragraph\">Durante la jornada, Mirta Toribio, jefa del \u00e1rea de Investigaci\u00f3n y Desarrollo (I+D) de Profertil, expone los dos ejes estrat\u00e9gicos sobre los cuales trabaja la empresa: la huella de carbono vinculada a la producci\u00f3n de urea y la verificaci\u00f3n de tercera parte obtenida este a\u00f1o; y los avances en la medici\u00f3n de gases de efecto invernadero a campo para obtener factores de emisi\u00f3n locales en la aplicaci\u00f3n de fertilizantes, fundamentales para el ecosistema productivo nacional.<\/p>\n\n\n\n<p class=\"wp-block-paragraph\">La presentaci\u00f3n de Profertil comparte escenario con Emilio Iglesias, representante de la firma Yara y Sebasti\u00e1n Galbusera, referente de Puma, empresa que detallar\u00e1 los resultados generales del proyecto. Al cierre del panel, se llevar\u00e1 a cabo un espacio de<br>interacci\u00f3n con el p\u00fablico destinado a responder consultas sobre el futuro de los fertilizantes, productos de menor huella como eNeTOTAL PLUS y las perspectivas hacia una producci\u00f3n de bajas emisiones.<\/p>\n","protected":false},"excerpt":{"rendered":"<p>Profertil comparti\u00f3 el proyecto de huella de carbono realizado en la compa\u00f1\u00eda e impulsado junto con Aapresid. Que ocurri\u00f3, justamente, en el marco de la edici\u00f3n 2026 del Congreso Aapresid, cuyo lema para este a\u00f1o es \u201cNuestro suelo,nuestra voz\u201d. Durante&#8230;<br \/><a class=\"read-more-button\" href=\"http:\/\/elmediodelcampo.com.ar\/?p=15119\">Leer m\u00e1s<\/a><\/p>\n","protected":false},"author":1,"featured_media":0,"comment_status":"closed","ping_status":"open","sticky":false,"template":"","format":"standard","meta":{"footnotes":""},"categories":[11,23],"tags":[],"class_list":["post-15119","post","type-post","status-publish","format-standard","hentry","category-agricultura","category-medio-ambiente"],"_links":{"self":[{"href":"http:\/\/elmediodelcampo.com.ar\/index.php?rest_route=\/wp\/v2\/posts\/15119","targetHints":{"allow":["GET"]}}],"collection":[{"href":"http:\/\/elmediodelcampo.com.ar\/index.php?rest_route=\/wp\/v2\/posts"}],"about":[{"href":"http:\/\/elmediodelcampo.com.ar\/index.php?rest_route=\/wp\/v2\/types\/post"}],"author":[{"embeddable":true,"href":"http:\/\/elmediodelcampo.com.ar\/index.php?rest_route=\/wp\/v2\/users\/1"}],"replies":[{"embeddable":true,"href":"http:\/\/elmediodelcampo.com.ar\/index.php?rest_route=%2Fwp%2Fv2%2Fcomments&post=15119"}],"version-history":[{"count":1,"href":"http:\/\/elmediodelcampo.com.ar\/index.php?rest_route=\/wp\/v2\/posts\/15119\/revisions"}],"predecessor-version":[{"id":15120,"href":"http:\/\/elmediodelcampo.com.ar\/index.php?rest_route=\/wp\/v2\/posts\/15119\/revisions\/15120"}],"wp:attachment":[{"href":"http:\/\/elmediodelcampo.com.ar\/index.php?rest_route=%2Fwp%2Fv2%2Fmedia&parent=15119"}],"wp:term":[{"taxonomy":"category","embeddable":true,"href":"http:\/\/elmediodelcampo.com.ar\/index.php?rest_route=%2Fwp%2Fv2%2Fcategories&post=15119"},{"taxonomy":"post_tag","embeddable":true,"href":"http:\/\/elmediodelcampo.com.ar\/index.php?rest_route=%2Fwp%2Fv2%2Ftags&post=15119"}],"curies":[{"name":"wp","href":"https:\/\/api.w.org\/{rel}","templated":true}]}}