{"id":15033,"date":"2026-04-29T23:20:59","date_gmt":"2026-04-29T23:20:59","guid":{"rendered":"http:\/\/elmediodelcampo.com.ar\/?p=15033"},"modified":"2026-04-29T23:21:00","modified_gmt":"2026-04-29T23:21:00","slug":"la-confianza-de-los-productores-agropecuarios-registro-una-caida-significativa-del-16-en-la-medicion","status":"publish","type":"post","link":"http:\/\/elmediodelcampo.com.ar\/?p=15033","title":{"rendered":"La confianza de los productores agropecuarios registr\u00f3 una ca\u00edda significativa del 16% en la medici\u00f3n"},"content":{"rendered":"\n<figure class=\"wp-block-image size-large\"><a href=\"http:\/\/elmediodelcampo.com.ar\/wp-content\/uploads\/2018\/11\/Paisano-con-Ganado.jpg\"><img loading=\"lazy\" decoding=\"async\" width=\"1024\" height=\"768\" src=\"http:\/\/elmediodelcampo.com.ar\/wp-content\/uploads\/2018\/11\/Paisano-con-Ganado-1024x768.jpg\" alt=\"\" class=\"wp-image-8579\" srcset=\"http:\/\/elmediodelcampo.com.ar\/wp-content\/uploads\/2018\/11\/Paisano-con-Ganado.jpg 1024w, http:\/\/elmediodelcampo.com.ar\/wp-content\/uploads\/2018\/11\/Paisano-con-Ganado-300x225.jpg 300w, http:\/\/elmediodelcampo.com.ar\/wp-content\/uploads\/2018\/11\/Paisano-con-Ganado-768x576.jpg 768w, http:\/\/elmediodelcampo.com.ar\/wp-content\/uploads\/2018\/11\/Paisano-con-Ganado-956x717.jpg 956w\" sizes=\"auto, (max-width: 1024px) 100vw, 1024px\" \/><\/a><\/figure>\n\n\n\n<p>Marzo\/abril del Ag Barometer Austral, al ubicarse en 132 puntos frente a los 158 de enero\/febrero, seg\u00fan el \u00faltimo informe elaborado por el Centro de Agronegocios y Alimentos de la Universidad Austral.<\/p>\n\n\n\n<p>El retroceso tambi\u00e9n se evidencia frente al pico hist\u00f3rico de 159 puntos registrado en noviembre\/diciembre de 2025, lo que marca un punto de inflexi\u00f3n tras los m\u00e1ximos alcanzados luego de las elecciones legislativas de medio t\u00e9rmino de ese a\u00f1o. En t\u00e9rminos interanuales, la baja es m\u00e1s moderada (3,6%) y el \u00edndice se mantiene por encima de los 100 puntos desde noviembre de 2023.<\/p>\n\n\n\n<p>\u201cEl cambio de tendencia responde, en gran medida, al impacto del contexto internacional sobre los costos de producci\u00f3n, particularmente por la suba del precio del petr\u00f3leo y su efecto en insumos clave como el gasoil y los fertilizantes\u201d, explic\u00f3 Carlos Steiger, director del Ag Barometer Austral e investigador del Centro de Agronegocios y Alimentos de la Universidad Austral.<\/p>\n\n\n\n<p>Ca\u00edda generalizada y deterioro de las condiciones<\/p>\n\n\n\n<p>La baja del \u00edndice se explica por un retroceso en todos sus componentes. La mayor ca\u00edda se observa en el \u00cdndice de Condiciones Presentes, que descendi\u00f3 un18% (108 vs 138). Dentro de este indicador, la situaci\u00f3n financiera actual cay\u00f3 un 21% (107 vs 138), reflejando el deterioro en los m\u00e1rgenes de los productores.<\/p>\n\n\n\n<p>Por su parte, las expectativas de inversi\u00f3n en activos fijos se contrajeron un 14% (109 vs 127). Aun as\u00ed, un 54% de los productores considera que sigue siendo un buen momento para invertir, aunque s\u00f3lo un 43% prev\u00e9 concretar esas inversiones en el corto plazo, lo que confirma un escenario de cautela.<\/p>\n\n\n\n<p>\u201cSe mantiene la intenci\u00f3n de inversi\u00f3n, pero no necesariamente su concreci\u00f3n. La incertidumbre sobre los costos y la rentabilidad futura est\u00e1 generando cautela en la toma de decisiones\u201d, se\u00f1al\u00f3 Steiger.<\/p>\n\n\n\n<p>En paralelo, el \u00cdndice de Expectativas Futuras registr\u00f3 una ca\u00edda del 14,8% (149 vs 175). La situaci\u00f3n financiera esperada a 12 meses cay\u00f3 un 13% (144 vs 167), mientras que las expectativas sobre el sector se redujeron un 20% (136 vs 170), evidenciando un ajuste en la mirada de mediano plazo.<\/p>\n\n\n\n<p>Impacto internacional y presi\u00f3n sobre los costos<\/p>\n\n\n\n<p>Uno de los factores centrales detr\u00e1s de este cambio de tendencia es el efecto del conflicto en Medio Oriente sobre los costos productivos. El aumento del precio del petr\u00f3leo impacta directamente en el valor del gasoil (clave para labores y fletes) y tambi\u00e9n en el precio de los fertilizantes, especialmente la urea, afectando la rentabilidad actual y proyectada.<\/p>\n\n\n\n<p>Este impacto se refleja claramente en las preocupaciones de los productores: el 66% identifica el aumento de los precios de los insumos en d\u00f3lares como su principal desaf\u00edo para los pr\u00f3ximos 12 meses, seguido por el clima (35%), los precios de los productos agr\u00edcolas (33%), las altas tasas de inter\u00e9s en pesos (24%) y la baja rentabilidad agr\u00edcola (19%). En contraste, la incertidumbre econ\u00f3mica (12%) y pol\u00edtica (12%) pierden relevancia, luego de haber sido los principales factores en mediciones anteriores.<\/p>\n\n\n\n<p>\u201cEl aumento de costos derivado del conflicto internacional ya est\u00e1 influyendo en las decisiones productivas y en la planificaci\u00f3n de la pr\u00f3xima campa\u00f1a\u201d, advirti\u00f3 Steiger.<\/p>\n\n\n\n<p>En este contexto, la campa\u00f1a de trigo 2026\/27 aparece particularmente condicionada: un 61% de los productores enfrenta un escenario desfavorable para la siembra, y como consecuencia un 41% planea reducir el \u00e1rea sembrada, mientras que un 49% la mantendr\u00eda y solo un 9% la incrementar\u00eda, tras una campa\u00f1a r\u00e9cord en 2025\/26.<\/p>\n\n\n\n<p>La presi\u00f3n sobre los m\u00e1rgenes no es exclusiva de la Argentina. En Brasil se observa un estrechamiento de los m\u00e1rgenes de la soja, mientras que en Estados Unidos los productores enfrentan resultados negativos y reciben apoyo estatal para sostener la actividad.<\/p>\n\n\n\n<p>Inversi\u00f3n frenada y cambio en las preocupaciones<\/p>\n\n\n\n<p>Las inversiones contin\u00faan sin consolidarse. En caso de concretarse, las maquinarias lideran las decisiones (57%), seguidas por vientres vacunos (25%), instalaciones (22%) y, en menor medida, la compra de tierras (9%).<\/p>\n\n\n\n<p>\u201cLas altas tasas de inter\u00e9s siguen siendo un factor limitante. Aunque hubo una baja en las tasas pasivas, el cr\u00e9dito todav\u00eda no refleja plenamente esa mejora y eso condiciona las decisiones de inversi\u00f3n\u201d, explic\u00f3 Steiger.<\/p>\n\n\n\n<p>En cuanto a la comercializaci\u00f3n, luego de cubrir los costos de la campa\u00f1a 2025\/26, la mayor\u00eda de los productores prioriza la venta de trigo, seguido por ma\u00edz y soja, aunque otro grupo relevante invierte ese orden entre soja y ma\u00edz. Al mismo tiempo, se destaca que un 71% de los productores increment\u00f3 sus stocks de ma\u00edz, principalmente por su uso en alimentaci\u00f3n animal, mayores rindes o como reserva de valor, lo que refleja una estrategia m\u00e1s conservadora frente a la incertidumbre de precios.<\/p>\n\n\n\n<p>\u201cHoy las preocupaciones del productor est\u00e1n mucho m\u00e1s asociadas a variables concretas del negocio que al contexto pol\u00edtico local, lo que marca un cambio relevante en la percepci\u00f3n del sector\u201d, concluy\u00f3 Steiger.<\/p>\n\n\n\n<p><\/p>\n","protected":false},"excerpt":{"rendered":"<p>Marzo\/abril del Ag Barometer Austral, al ubicarse en 132 puntos frente a los 158 de enero\/febrero, seg\u00fan el \u00faltimo informe elaborado por el Centro de Agronegocios y Alimentos de la Universidad Austral. El retroceso tambi\u00e9n se evidencia frente al pico&#8230;<br \/><a class=\"read-more-button\" href=\"http:\/\/elmediodelcampo.com.ar\/?p=15033\">Leer m\u00e1s<\/a><\/p>\n","protected":false},"author":1,"featured_media":0,"comment_status":"closed","ping_status":"open","sticky":false,"template":"","format":"standard","meta":{"footnotes":""},"categories":[11,9],"tags":[],"class_list":["post-15033","post","type-post","status-publish","format-standard","hentry","category-agricultura","category-ganaderia"],"_links":{"self":[{"href":"http:\/\/elmediodelcampo.com.ar\/index.php?rest_route=\/wp\/v2\/posts\/15033","targetHints":{"allow":["GET"]}}],"collection":[{"href":"http:\/\/elmediodelcampo.com.ar\/index.php?rest_route=\/wp\/v2\/posts"}],"about":[{"href":"http:\/\/elmediodelcampo.com.ar\/index.php?rest_route=\/wp\/v2\/types\/post"}],"author":[{"embeddable":true,"href":"http:\/\/elmediodelcampo.com.ar\/index.php?rest_route=\/wp\/v2\/users\/1"}],"replies":[{"embeddable":true,"href":"http:\/\/elmediodelcampo.com.ar\/index.php?rest_route=%2Fwp%2Fv2%2Fcomments&post=15033"}],"version-history":[{"count":1,"href":"http:\/\/elmediodelcampo.com.ar\/index.php?rest_route=\/wp\/v2\/posts\/15033\/revisions"}],"predecessor-version":[{"id":15034,"href":"http:\/\/elmediodelcampo.com.ar\/index.php?rest_route=\/wp\/v2\/posts\/15033\/revisions\/15034"}],"wp:attachment":[{"href":"http:\/\/elmediodelcampo.com.ar\/index.php?rest_route=%2Fwp%2Fv2%2Fmedia&parent=15033"}],"wp:term":[{"taxonomy":"category","embeddable":true,"href":"http:\/\/elmediodelcampo.com.ar\/index.php?rest_route=%2Fwp%2Fv2%2Fcategories&post=15033"},{"taxonomy":"post_tag","embeddable":true,"href":"http:\/\/elmediodelcampo.com.ar\/index.php?rest_route=%2Fwp%2Fv2%2Ftags&post=15033"}],"curies":[{"name":"wp","href":"https:\/\/api.w.org\/{rel}","templated":true}]}}