{"id":15024,"date":"2026-04-29T23:08:48","date_gmt":"2026-04-29T23:08:48","guid":{"rendered":"http:\/\/elmediodelcampo.com.ar\/?p=15024"},"modified":"2026-04-29T23:08:48","modified_gmt":"2026-04-29T23:08:48","slug":"la-region-centro-crecio-25-en-2025-pero-sigue-por-debajo-del-promedio-nacional","status":"publish","type":"post","link":"http:\/\/elmediodelcampo.com.ar\/?p=15024","title":{"rendered":"La Regi\u00f3n Centro creci\u00f3 2,5% en 2025, pero sigue por debajo del promedio nacional"},"content":{"rendered":"\n<figure class=\"wp-block-image size-full is-resized\"><a href=\"http:\/\/elmediodelcampo.com.ar\/wp-content\/uploads\/2017\/06\/Cultivos-Calor.png\"><img loading=\"lazy\" decoding=\"async\" width=\"500\" height=\"300\" src=\"http:\/\/elmediodelcampo.com.ar\/wp-content\/uploads\/2017\/06\/Cultivos-Calor.png\" alt=\"\" class=\"wp-image-3913\" style=\"width:766px;height:auto\" srcset=\"http:\/\/elmediodelcampo.com.ar\/wp-content\/uploads\/2017\/06\/Cultivos-Calor.png 500w, http:\/\/elmediodelcampo.com.ar\/wp-content\/uploads\/2017\/06\/Cultivos-Calor-300x180.png 300w\" sizes=\"auto, (max-width: 500px) 100vw, 500px\" \/><\/a><\/figure>\n\n\n\n<p>La econom\u00eda de la Regi\u00f3n Centro registr\u00f3 un crecimiento del 2,5% en 2025, aunque a\u00fan se mantiene por debajo del promedio nacional, seg\u00fan el \u00faltimo informe de Indicadores Econ\u00f3micos Regionales de la Universidad Austral. El dato surge del \u00cdndice Local del Ciclo Econ\u00f3mico (ILCE), que mostr\u00f3 una variaci\u00f3n interanual de 2,1% a diciembre.<\/p>\n\n\n\n<p>El estudio describe un escenario nacional de recuperaci\u00f3n heterog\u00e9nea, con sectores transables -como el agro, la miner\u00eda y el petr\u00f3leo- en expansi\u00f3n, mientras que actividades vinculadas al mercado interno, como la industria y el comercio, contin\u00faan rezagadas.<\/p>\n\n\n\n<p>\u201cLa din\u00e1mica reciente refleja un proceso de estabilizaci\u00f3n macroecon\u00f3mica que convive con fuertes tensiones en el entramado productivo y social\u201d, explic\u00f3 Ana In\u00e9s Navarro, directora del \u00e1rea de Econom\u00eda de la Facultad de Ciencias Empresariales de la sede Rosario.<\/p>\n\n\n\n<p>En el plano nacional, la actividad econ\u00f3mica mostr\u00f3 signos de recuperaci\u00f3n: el EMAE creci\u00f3 4,4% en 2025, con un fuerte impulso del sector agropecuario, que registr\u00f3 una suba interanual del 32,2%, apalancada por una campa\u00f1a r\u00e9cord de trigo.<\/p>\n\n\n\n<p>En la Regi\u00f3n Centro, la mejora estuvo acompa\u00f1ada por un aumento del optimismo de los productores y un crecimiento del 14% en la intenci\u00f3n de inversi\u00f3n, en un contexto de menores retenciones y mejores perspectivas para las exportaciones.<\/p>\n\n\n\n<p>\u201cEl cambio en la estructura productiva genera impactos muy diferenciados: hay sectores con fuerte expansi\u00f3n y otros que enfrentan serias dificultades para sostener su nivel de actividad\u201d, se\u00f1al\u00f3 Navarro.<\/p>\n\n\n\n<p>El mercado laboral tambi\u00e9n refleja estas tensiones. Si bien la tasa de empleo creci\u00f3 levemente, el desempleo aument\u00f3 0,6 puntos porcentuales debido a una mayor participaci\u00f3n laboral. En paralelo, el empleo registrado privado mostr\u00f3 una leve ca\u00edda interanual del 0,2%, aunque con un desempe\u00f1o mejor que el promedio nacional.<\/p>\n\n\n\n<p>A nivel intra-regional, se observan comportamientos dispares: mientras Rosario mostr\u00f3 crecimiento del empleo -impulsado por la industria y la construcci\u00f3n-, C\u00f3rdoba registr\u00f3 una contracci\u00f3n, principalmente por la ca\u00edda industrial. La estructura productiva redefine brechas sectoriales al interior de la Regi\u00f3n. Mientras algunas ramas industriales traccionadas por agro, miner\u00eda y energ\u00eda crean empleo, las orientadas al mercado interno pierden competitividad y enfrentan dificultades para sostenerlo.<\/p>\n\n\n\n<p>\u201cEl principal desaf\u00edo es doble: por un lado, facilitar la transici\u00f3n del empleo hacia sectores m\u00e1s din\u00e1micos; por otro, consolidar la estabilidad macroecon\u00f3mica para sostener la inversi\u00f3n, especialmente en actividades orientadas al mercado interno\u201d, concluy\u00f3 Navarro.<\/p>\n","protected":false},"excerpt":{"rendered":"<p>La econom\u00eda de la Regi\u00f3n Centro registr\u00f3 un crecimiento del 2,5% en 2025, aunque a\u00fan se mantiene por debajo del promedio nacional, seg\u00fan el \u00faltimo informe de Indicadores Econ\u00f3micos Regionales de la Universidad Austral. El dato surge del \u00cdndice Local&#8230;<br \/><a class=\"read-more-button\" href=\"http:\/\/elmediodelcampo.com.ar\/?p=15024\">Leer m\u00e1s<\/a><\/p>\n","protected":false},"author":1,"featured_media":0,"comment_status":"closed","ping_status":"open","sticky":false,"template":"","format":"standard","meta":{"footnotes":""},"categories":[11,5],"tags":[],"class_list":["post-15024","post","type-post","status-publish","format-standard","hentry","category-agricultura","category-economia"],"_links":{"self":[{"href":"http:\/\/elmediodelcampo.com.ar\/index.php?rest_route=\/wp\/v2\/posts\/15024","targetHints":{"allow":["GET"]}}],"collection":[{"href":"http:\/\/elmediodelcampo.com.ar\/index.php?rest_route=\/wp\/v2\/posts"}],"about":[{"href":"http:\/\/elmediodelcampo.com.ar\/index.php?rest_route=\/wp\/v2\/types\/post"}],"author":[{"embeddable":true,"href":"http:\/\/elmediodelcampo.com.ar\/index.php?rest_route=\/wp\/v2\/users\/1"}],"replies":[{"embeddable":true,"href":"http:\/\/elmediodelcampo.com.ar\/index.php?rest_route=%2Fwp%2Fv2%2Fcomments&post=15024"}],"version-history":[{"count":1,"href":"http:\/\/elmediodelcampo.com.ar\/index.php?rest_route=\/wp\/v2\/posts\/15024\/revisions"}],"predecessor-version":[{"id":15025,"href":"http:\/\/elmediodelcampo.com.ar\/index.php?rest_route=\/wp\/v2\/posts\/15024\/revisions\/15025"}],"wp:attachment":[{"href":"http:\/\/elmediodelcampo.com.ar\/index.php?rest_route=%2Fwp%2Fv2%2Fmedia&parent=15024"}],"wp:term":[{"taxonomy":"category","embeddable":true,"href":"http:\/\/elmediodelcampo.com.ar\/index.php?rest_route=%2Fwp%2Fv2%2Fcategories&post=15024"},{"taxonomy":"post_tag","embeddable":true,"href":"http:\/\/elmediodelcampo.com.ar\/index.php?rest_route=%2Fwp%2Fv2%2Ftags&post=15024"}],"curies":[{"name":"wp","href":"https:\/\/api.w.org\/{rel}","templated":true}]}}