{"id":15018,"date":"2026-04-29T22:55:22","date_gmt":"2026-04-29T22:55:22","guid":{"rendered":"http:\/\/elmediodelcampo.com.ar\/?p=15018"},"modified":"2026-04-29T22:55:22","modified_gmt":"2026-04-29T22:55:22","slug":"el-escenario-para-el-trigo-2026-2027-entre-la-excelente-disponibilidad-hidrica-y-el-desafio-economico","status":"publish","type":"post","link":"http:\/\/elmediodelcampo.com.ar\/?p=15018","title":{"rendered":"El escenario para el trigo 2026\/2027: Entre la excelente disponibilidad h\u00eddrica y el desaf\u00edo econ\u00f3mico"},"content":{"rendered":"\n<figure class=\"wp-block-image size-full\"><a href=\"http:\/\/elmediodelcampo.com.ar\/wp-content\/uploads\/2026\/04\/trigo-l.jpg\"><img loading=\"lazy\" decoding=\"async\" width=\"830\" height=\"386\" src=\"http:\/\/elmediodelcampo.com.ar\/wp-content\/uploads\/2026\/04\/trigo-l.jpg\" alt=\"\" class=\"wp-image-15019\" srcset=\"http:\/\/elmediodelcampo.com.ar\/wp-content\/uploads\/2026\/04\/trigo-l.jpg 830w, http:\/\/elmediodelcampo.com.ar\/wp-content\/uploads\/2026\/04\/trigo-l-300x140.jpg 300w, http:\/\/elmediodelcampo.com.ar\/wp-content\/uploads\/2026\/04\/trigo-l-768x357.jpg 768w\" sizes=\"auto, (max-width: 830px) 100vw, 830px\" \/><\/a><\/figure>\n\n\n\n<p>Durante las \u00faltimas semanas, el relevamiento realizado a la red de colaboradores indica una<br>dicotom\u00eda en los factores que definen la intenci\u00f3n de siembra para el ciclo 2026\/27. Por un lado, la<br>excelente carga de los perfiles h\u00eddricos en gran parte del \u00e1rea agr\u00edcola, sumada a la proyecci\u00f3n de \u201cA\u00f1o<br>Ni\u00f1o\u201d que comenzar\u00eda a manifestarse desde el invierno, act\u00faan como incentivo, con muchos productores<br>proyectando un \u00aba\u00f1o triguero\u00bb si la humedad contin\u00faa acompa\u00f1ando durante el oto\u00f1o. <\/p>\n\n\n\n<p>No obstante, este optimismo clim\u00e1tico se ve moderado por un escenario econ\u00f3mico complejo, caracterizado por altos costos de insumos \u2014especialmente la urea\u2014que podr\u00edan limitar tanto el \u00e1rea final como el nivel tecnol\u00f3gico a aplicar.<\/p>\n\n\n\n<p>A diferencia de ciclos anteriores al 2024\/25, donde la decisi\u00f3n estaba mayormente sujeta a la<br>recomposici\u00f3n de la humedad previo o durante la ventana de siembra, este a\u00f1o el foco se desplaza hacia<br>la rentabilidad y el costo de los fertilizantes. Las zonas del norte y centro-oeste muestran una tendencia de crecimiento y\/o mantenimiento (sobre una base de superficie sembrada durante el 2025\/26 que hab\u00eda<br>crecido debido a la buena oferta h\u00eddrica), por necesidad de rotaci\u00f3n y oportunidad de aprovechamiento de la humedad. <\/p>\n\n\n\n<p>Sin embargo, en los n\u00facleos productivos y el sur se est\u00e1 manifestando una mayor tendencia a<br>la baja del \u00e1rea destinada al cereal, con una creciente intenci\u00f3n de desplazamiento hacia cultivos<br>alternativos de invierno (como cebada, carinata o colza) o directamente a soja de primera ocupaci\u00f3n.<br>Bajo un contexto de relaciones insumo-producto menos favorables, los m\u00e1rgenes de la nueva campa\u00f1a se presentan ajustados. La decisi\u00f3n de siembra quedar\u00e1, por lo tanto, condicionada no solo por la evoluci\u00f3n de los costos de producci\u00f3n vigentes, sino tambi\u00e9n por los rindes que puedan alcanzarse.<br>Frente a este escenario, proyectamos para el ciclo 2026\/27 de trigo un \u00e1rea sembrada nacional que<br>alcanzar\u00eda las 6.500.000 hect\u00e1reas a nivel nacional , lo que representa una leve retracci\u00f3n<br>interanual de un -3 %, pero que a\u00fan se eleva en un 2,8 % por sobre el promedio de las \u00faltimas 5 campa\u00f1as.<\/p>\n","protected":false},"excerpt":{"rendered":"<p>Durante las \u00faltimas semanas, el relevamiento realizado a la red de colaboradores indica unadicotom\u00eda en los factores que definen la intenci\u00f3n de siembra para el ciclo 2026\/27. Por un lado, laexcelente carga de los perfiles h\u00eddricos en gran parte del&#8230;<br \/><a class=\"read-more-button\" href=\"http:\/\/elmediodelcampo.com.ar\/?p=15018\">Leer m\u00e1s<\/a><\/p>\n","protected":false},"author":1,"featured_media":0,"comment_status":"closed","ping_status":"open","sticky":false,"template":"","format":"standard","meta":{"footnotes":""},"categories":[11,5],"tags":[],"class_list":["post-15018","post","type-post","status-publish","format-standard","hentry","category-agricultura","category-economia"],"_links":{"self":[{"href":"http:\/\/elmediodelcampo.com.ar\/index.php?rest_route=\/wp\/v2\/posts\/15018","targetHints":{"allow":["GET"]}}],"collection":[{"href":"http:\/\/elmediodelcampo.com.ar\/index.php?rest_route=\/wp\/v2\/posts"}],"about":[{"href":"http:\/\/elmediodelcampo.com.ar\/index.php?rest_route=\/wp\/v2\/types\/post"}],"author":[{"embeddable":true,"href":"http:\/\/elmediodelcampo.com.ar\/index.php?rest_route=\/wp\/v2\/users\/1"}],"replies":[{"embeddable":true,"href":"http:\/\/elmediodelcampo.com.ar\/index.php?rest_route=%2Fwp%2Fv2%2Fcomments&post=15018"}],"version-history":[{"count":1,"href":"http:\/\/elmediodelcampo.com.ar\/index.php?rest_route=\/wp\/v2\/posts\/15018\/revisions"}],"predecessor-version":[{"id":15020,"href":"http:\/\/elmediodelcampo.com.ar\/index.php?rest_route=\/wp\/v2\/posts\/15018\/revisions\/15020"}],"wp:attachment":[{"href":"http:\/\/elmediodelcampo.com.ar\/index.php?rest_route=%2Fwp%2Fv2%2Fmedia&parent=15018"}],"wp:term":[{"taxonomy":"category","embeddable":true,"href":"http:\/\/elmediodelcampo.com.ar\/index.php?rest_route=%2Fwp%2Fv2%2Fcategories&post=15018"},{"taxonomy":"post_tag","embeddable":true,"href":"http:\/\/elmediodelcampo.com.ar\/index.php?rest_route=%2Fwp%2Fv2%2Ftags&post=15018"}],"curies":[{"name":"wp","href":"https:\/\/api.w.org\/{rel}","templated":true}]}}