{"id":14940,"date":"2025-12-30T20:56:49","date_gmt":"2025-12-30T20:56:49","guid":{"rendered":"http:\/\/elmediodelcampo.com.ar\/?p=14940"},"modified":"2025-12-30T21:07:20","modified_gmt":"2025-12-30T21:07:20","slug":"fearca-participo-junto-a-la-fundacion-benet-en-la-jornada-tecnica-de-la-fao-y-el-senasa-para-el-control-de-langosta-con-tecnologia-ulv","status":"publish","type":"post","link":"http:\/\/elmediodelcampo.com.ar\/?p=14940","title":{"rendered":"FeArCA particip\u00f3 junto a la Fundaci\u00f3n BENET en la jornada t\u00e9cnica de la FAO y el SENASA para el control de langosta con tecnolog\u00eda ULV"},"content":{"rendered":"\n<figure class=\"wp-block-image size-large\"><a href=\"http:\/\/elmediodelcampo.com.ar\/wp-content\/uploads\/2025\/12\/langosta-Senasa-FAO-Fearca-Benet.jpg\"><img loading=\"lazy\" decoding=\"async\" width=\"768\" height=\"1024\" src=\"http:\/\/elmediodelcampo.com.ar\/wp-content\/uploads\/2025\/12\/langosta-Senasa-FAO-Fearca-Benet-768x1024.jpg\" alt=\"\" class=\"wp-image-14944\" srcset=\"http:\/\/elmediodelcampo.com.ar\/wp-content\/uploads\/2025\/12\/langosta-Senasa-FAO-Fearca-Benet-768x1024.jpg 768w, http:\/\/elmediodelcampo.com.ar\/wp-content\/uploads\/2025\/12\/langosta-Senasa-FAO-Fearca-Benet-225x300.jpg 225w, http:\/\/elmediodelcampo.com.ar\/wp-content\/uploads\/2025\/12\/langosta-Senasa-FAO-Fearca-Benet-956x1275.jpg 956w, http:\/\/elmediodelcampo.com.ar\/wp-content\/uploads\/2025\/12\/langosta-Senasa-FAO-Fearca-Benet.jpg 960w\" sizes=\"auto, (max-width: 768px) 100vw, 768px\" \/><\/a><\/figure>\n\n\n\n<p>Del 25 al 27 de noviembre, se llev\u00f3 a cabo en las instalaciones del INTA Catamarca, el Taller de actualizaci\u00f3n del Programa Nacional de Langostas y Tucuras, que cont\u00f3 con la asistencia de expertos internacionales y especialistas del sector p\u00fablico y privado, de Argentina y de la regi\u00f3n. Esta jornada, organizada por la FAO y el SENASA, estuvo destinada al fortalecimiento de la cooperaci\u00f3n regional y el entrenamiento en nuevas tecnolog\u00edas, tal como la puesta en marcha, verificaci\u00f3n y ajuste de los equipos de Ultra Bajo Volumen (ULV por sus siglas en ingl\u00e9s) provistos al pa\u00eds por la firma Micron (Reino Unido). Estos equipos, que son utilizados por la FAO desde hace 35 a\u00f1os en \u00c1frica y Asia, est\u00e1n dise\u00f1ados para trabajar con vol\u00famenes del orden de 1 litro por hect\u00e1rea, generando microgotas muy finas, condici\u00f3n necesaria para aplicaciones orientadas al control de insectos m\u00f3viles como la langosta.<\/p>\n\n\n\n<p>En el marco de la invitaci\u00f3n cursada al sector aeroagr\u00edcola a trav\u00e9s de la Federaci\u00f3n Argentina de C\u00e1maras Agroa\u00e9reas (FeArCA), la Fundaci\u00f3n BENET acompa\u00f1\u00f3 las actividades y aport\u00f3 su mirada t\u00e9cnica basada en evaluaciones y observaciones de campo. Este aporte se suma a la experiencia que la Fundaci\u00f3n viene desarrollando en distintos sistemas de aplicaci\u00f3n, siempre en articulaci\u00f3n con organismos p\u00fablicos y equipos t\u00e9cnicos del pa\u00eds.<\/p>\n\n\n\n<p>El trabajo de la Fundaci\u00f3n BENET se apoya en los pilares del Programa APC de Productividad y Calidad en Pulverizaciones, una metodolog\u00eda utilizada para medir y mejorar la calidad de aplicaci\u00f3n en aviaci\u00f3n agr\u00edcola, drones y equipos terrestres. Desde esa base t\u00e9cnica, durante la jornada se propuso evaluar tambi\u00e9n una formulaci\u00f3n que incorporara un tensioactivo antievaporante, con el objetivo de mejorar la estabilidad de las microgotas bajo diferentes condiciones ambientales.<\/p>\n\n\n\n<p>Las observaciones realizadas indicaron que esta formulaci\u00f3n permiti\u00f3 obtener un espectro de gotas fino y estable, con la mayor\u00eda de los di\u00e1metros entre 50 y 120 micrones, algunas gotas aisladas de 150 a 180 micrones y sin presencia significativa de gotas mayores a 200\u2013250 micrones. La cobertura estimada oscil\u00f3 entre 12% y 18%, con densidades del orden de 100 a 200 impactos por cent\u00edmetro cuadrado, valores adecuados para aplicaciones terrestres en escenarios de plaga activa.<\/p>\n\n\n\n<p>Los equipos ULV evaluados mostraron un funcionamiento consistente bajo el par\u00e1metro de 1 L\/ha, y las alternativas formuladas permitieron analizar diversas opciones para optimizar su desempe\u00f1o seg\u00fan las condiciones del terreno. La jornada tambi\u00e9n permiti\u00f3 integrar miradas complementarias y fortalecer la colaboraci\u00f3n entre organismos internacionales, instituciones nacionales y el sector aeroagr\u00edcola.<\/p>\n\n\n\n<p>La participaci\u00f3n institucional de FeArCA y el acompa\u00f1amiento t\u00e9cnico de la Fundaci\u00f3n BENET se desarrollaron en un marco estrictamente colaborativo, con el objetivo de sumar informaci\u00f3n, validaciones y aprendizajes que contribuyan al esfuerzo conjunto frente a la problem\u00e1tica de la langosta.<\/p>\n","protected":false},"excerpt":{"rendered":"<p>Del 25 al 27 de noviembre, se llev\u00f3 a cabo en las instalaciones del INTA Catamarca, el Taller de actualizaci\u00f3n del Programa Nacional de Langostas y Tucuras, que cont\u00f3 con la asistencia de expertos internacionales y especialistas del sector p\u00fablico&#8230;<br \/><a class=\"read-more-button\" href=\"http:\/\/elmediodelcampo.com.ar\/?p=14940\">Leer m\u00e1s<\/a><\/p>\n","protected":false},"author":1,"featured_media":0,"comment_status":"closed","ping_status":"open","sticky":false,"template":"","format":"standard","meta":{"footnotes":""},"categories":[11,122],"tags":[],"class_list":["post-14940","post","type-post","status-publish","format-standard","hentry","category-agricultura","category-aviacion"],"_links":{"self":[{"href":"http:\/\/elmediodelcampo.com.ar\/index.php?rest_route=\/wp\/v2\/posts\/14940","targetHints":{"allow":["GET"]}}],"collection":[{"href":"http:\/\/elmediodelcampo.com.ar\/index.php?rest_route=\/wp\/v2\/posts"}],"about":[{"href":"http:\/\/elmediodelcampo.com.ar\/index.php?rest_route=\/wp\/v2\/types\/post"}],"author":[{"embeddable":true,"href":"http:\/\/elmediodelcampo.com.ar\/index.php?rest_route=\/wp\/v2\/users\/1"}],"replies":[{"embeddable":true,"href":"http:\/\/elmediodelcampo.com.ar\/index.php?rest_route=%2Fwp%2Fv2%2Fcomments&post=14940"}],"version-history":[{"count":2,"href":"http:\/\/elmediodelcampo.com.ar\/index.php?rest_route=\/wp\/v2\/posts\/14940\/revisions"}],"predecessor-version":[{"id":14945,"href":"http:\/\/elmediodelcampo.com.ar\/index.php?rest_route=\/wp\/v2\/posts\/14940\/revisions\/14945"}],"wp:attachment":[{"href":"http:\/\/elmediodelcampo.com.ar\/index.php?rest_route=%2Fwp%2Fv2%2Fmedia&parent=14940"}],"wp:term":[{"taxonomy":"category","embeddable":true,"href":"http:\/\/elmediodelcampo.com.ar\/index.php?rest_route=%2Fwp%2Fv2%2Fcategories&post=14940"},{"taxonomy":"post_tag","embeddable":true,"href":"http:\/\/elmediodelcampo.com.ar\/index.php?rest_route=%2Fwp%2Fv2%2Ftags&post=14940"}],"curies":[{"name":"wp","href":"https:\/\/api.w.org\/{rel}","templated":true}]}}