{"id":14931,"date":"2025-12-30T20:39:58","date_gmt":"2025-12-30T20:39:58","guid":{"rendered":"http:\/\/elmediodelcampo.com.ar\/?p=14931"},"modified":"2025-12-30T20:39:59","modified_gmt":"2025-12-30T20:39:59","slug":"en-los-ultimos-20-anos-argentina-perdio-mas-de-la-mitad-de-la-participacion-de-inversores-extranjeros-en-solicitudes-de-nuevas-variedades-de-semillas","status":"publish","type":"post","link":"http:\/\/elmediodelcampo.com.ar\/?p=14931","title":{"rendered":"En los \u00faltimos 20 a\u00f1os Argentina perdi\u00f3 m\u00e1s de la mitad de la participaci\u00f3n de inversores extranjeros en solicitudes de nuevas variedades de semillas"},"content":{"rendered":"\n<figure class=\"wp-block-image size-full is-resized\"><a href=\"http:\/\/elmediodelcampo.com.ar\/wp-content\/uploads\/2017\/03\/brote-de-soja.png\"><img loading=\"lazy\" decoding=\"async\" width=\"500\" height=\"300\" src=\"http:\/\/elmediodelcampo.com.ar\/wp-content\/uploads\/2017\/03\/brote-de-soja.png\" alt=\"\" class=\"wp-image-3463\" style=\"width:647px;height:auto\" srcset=\"http:\/\/elmediodelcampo.com.ar\/wp-content\/uploads\/2017\/03\/brote-de-soja.png 500w, http:\/\/elmediodelcampo.com.ar\/wp-content\/uploads\/2017\/03\/brote-de-soja-300x180.png 300w\" sizes=\"auto, (max-width: 500px) 100vw, 500px\" \/><\/a><\/figure>\n\n\n\n<p>Un estudio advierte que la falta de modernizaci\u00f3n en la ley de semillas frena la innovaci\u00f3n y amenaza la competitividad del agro argentino.<\/p>\n\n\n\n<p>Argentina es potencia agr\u00edcola, pero corre el riesgo de quedarse en el pasado. El libro \u201cInnovaci\u00f3n en el agro argentino. La pol\u00edtica econ\u00f3mica de los derechos de propiedad intelectual en semillas\u201d, escrito por Andr\u00e9s Gallo, profesor del Departamento de Econom\u00eda de la Facultad de Ciencias Empresariales de Rosario de la Universidad Austral, advierte que el pa\u00eds mantiene una ley de semillas de 1973 y un convenio internacional antiguo (UPOV-78), lo que desalienta la inversi\u00f3n en nuevas tecnolog\u00edas.<\/p>\n\n\n\n<p>El dato que preocupa<\/p>\n\n\n\n<p>Entre 1999 y 2021, la participaci\u00f3n de empresas extranjeras en solicitudes de nuevas variedades en Argentina cay\u00f3 del 59% al 25,4%, una reducci\u00f3n superior al 56%. En el mismo per\u00edodo, Brasil pas\u00f3 del 9,9% al 41,2%, y Estados Unidos (patentes) se mantuvo estable, cerca del 53%.<\/p>\n\n\n\n<p>Esto significa que Argentina perdi\u00f3 atractivo para la innovaci\u00f3n extranjera, mientras sus competidores avanzan con sistemas modernos que ofrecen seguridad jur\u00eddica y protecci\u00f3n de la inversi\u00f3n.<\/p>\n\n\n\n<p>\u00bfPor qu\u00e9 importa? Porque sin innovaci\u00f3n en semillas no hay productividad, y sin productividad no hay competitividad. Seg\u00fan Gallo:<\/p>\n\n\n\n<p>\u201cArgentina ten\u00eda un liderazgo en innovaci\u00f3n, pero lo fue perdiendo. Las empresas temen invertir porque no hay derechos de propiedad bien establecidos\u201d.<\/p>\n\n\n\n<p>Mientras Estados Unidos ofrece patentes y protecci\u00f3n integral, y Brasil crece con reglas claras, Argentina se estanca. La falta de modernizaci\u00f3n legal genera incertidumbre y frena el desarrollo tecnol\u00f3gico en el agro.<\/p>\n\n\n\n<p>Fuente: elaboraci\u00f3n propia con base en datos de la UPOV.<\/p>\n\n\n\n<p>Modernizar la ley de semillas no es un detalle t\u00e9cnico: es la llave para atraer inversiones, generar empleo y asegurar que Argentina siga siendo protagonista en el mercado global.<\/p>\n","protected":false},"excerpt":{"rendered":"<p>Un estudio advierte que la falta de modernizaci\u00f3n en la ley de semillas frena la innovaci\u00f3n y amenaza la competitividad del agro argentino. Argentina es potencia agr\u00edcola, pero corre el riesgo de quedarse en el pasado. El libro \u201cInnovaci\u00f3n en&#8230;<br \/><a class=\"read-more-button\" href=\"http:\/\/elmediodelcampo.com.ar\/?p=14931\">Leer m\u00e1s<\/a><\/p>\n","protected":false},"author":1,"featured_media":0,"comment_status":"closed","ping_status":"open","sticky":false,"template":"","format":"standard","meta":{"footnotes":""},"categories":[11,3],"tags":[],"class_list":["post-14931","post","type-post","status-publish","format-standard","hentry","category-agricultura","category-politica"],"_links":{"self":[{"href":"http:\/\/elmediodelcampo.com.ar\/index.php?rest_route=\/wp\/v2\/posts\/14931","targetHints":{"allow":["GET"]}}],"collection":[{"href":"http:\/\/elmediodelcampo.com.ar\/index.php?rest_route=\/wp\/v2\/posts"}],"about":[{"href":"http:\/\/elmediodelcampo.com.ar\/index.php?rest_route=\/wp\/v2\/types\/post"}],"author":[{"embeddable":true,"href":"http:\/\/elmediodelcampo.com.ar\/index.php?rest_route=\/wp\/v2\/users\/1"}],"replies":[{"embeddable":true,"href":"http:\/\/elmediodelcampo.com.ar\/index.php?rest_route=%2Fwp%2Fv2%2Fcomments&post=14931"}],"version-history":[{"count":1,"href":"http:\/\/elmediodelcampo.com.ar\/index.php?rest_route=\/wp\/v2\/posts\/14931\/revisions"}],"predecessor-version":[{"id":14932,"href":"http:\/\/elmediodelcampo.com.ar\/index.php?rest_route=\/wp\/v2\/posts\/14931\/revisions\/14932"}],"wp:attachment":[{"href":"http:\/\/elmediodelcampo.com.ar\/index.php?rest_route=%2Fwp%2Fv2%2Fmedia&parent=14931"}],"wp:term":[{"taxonomy":"category","embeddable":true,"href":"http:\/\/elmediodelcampo.com.ar\/index.php?rest_route=%2Fwp%2Fv2%2Fcategories&post=14931"},{"taxonomy":"post_tag","embeddable":true,"href":"http:\/\/elmediodelcampo.com.ar\/index.php?rest_route=%2Fwp%2Fv2%2Ftags&post=14931"}],"curies":[{"name":"wp","href":"https:\/\/api.w.org\/{rel}","templated":true}]}}