{"id":14923,"date":"2025-11-29T00:24:32","date_gmt":"2025-11-29T00:24:32","guid":{"rendered":"http:\/\/elmediodelcampo.com.ar\/?p=14923"},"modified":"2025-11-29T00:24:33","modified_gmt":"2025-11-29T00:24:33","slug":"copal-y-maizar-firman-un-convenio-para-impulsar-una-agenda-comun","status":"publish","type":"post","link":"http:\/\/elmediodelcampo.com.ar\/?p=14923","title":{"rendered":"COPAL y MAIZAR firman un convenio para impulsar una agenda com\u00fan"},"content":{"rendered":"\n<figure class=\"wp-block-image size-full\"><a href=\"http:\/\/elmediodelcampo.com.ar\/wp-content\/uploads\/2025\/11\/maizar.webp\"><img loading=\"lazy\" decoding=\"async\" width=\"966\" height=\"646\" src=\"http:\/\/elmediodelcampo.com.ar\/wp-content\/uploads\/2025\/11\/maizar.webp\" alt=\"\" class=\"wp-image-14924\" srcset=\"http:\/\/elmediodelcampo.com.ar\/wp-content\/uploads\/2025\/11\/maizar.webp 966w, http:\/\/elmediodelcampo.com.ar\/wp-content\/uploads\/2025\/11\/maizar-300x201.webp 300w, http:\/\/elmediodelcampo.com.ar\/wp-content\/uploads\/2025\/11\/maizar-768x514.webp 768w, http:\/\/elmediodelcampo.com.ar\/wp-content\/uploads\/2025\/11\/maizar-956x639.webp 956w\" sizes=\"auto, (max-width: 966px) 100vw, 966px\" \/><\/a><\/figure>\n\n\n\n<p>El objetivo de consolidar una agenda conjunta de competitividad que integre la visi\u00f3n de la cadena de valor. El acuerdo fue suscripto por Carla Mart\u00edn Bonito, presidente de COPAL, y Federico Zerboni, presidente de MAIZAR, y establece un marco para la generaci\u00f3n de propuestas t\u00e9cnicas, la construcci\u00f3n de informaci\u00f3n estrat\u00e9gica y la coordinaci\u00f3n de posiciones institucionales.<\/p>\n\n\n\n<p>La alianza busca impulsar ejes centrales para la mejora de las condiciones internas y estructurales abordando temas tributarios, laborales, regulatorios, de financiamiento, de inserci\u00f3n internacional, entre otros. La iniciativa busca profundizar la articulaci\u00f3n entre los sectores del ma\u00edz, el sorgo y la industria de alimentos y bebidas, promoviendo din\u00e1micas que aporten a la innovaci\u00f3n, el empleo y el desarrollo exportador.<\/p>\n\n\n\n<p>Las autoridades de ambas instituciones coincidieron en que la coordinaci\u00f3n entre todos los eslabones de la cadena \u2014desde la producci\u00f3n primaria hasta la industria y el consumo\u2014 es condici\u00f3n necesaria para que el sistema agroindustrial argentino se potencie en escala, solidez y capacidad de competir en los mercados internos y externos.<\/p>\n\n\n\n<p>El acuerdo tendr\u00e1 una vigencia inicial de dos a\u00f1os y contempla la elaboraci\u00f3n de planes de trabajo concretos para cada l\u00ednea de acci\u00f3n.<\/p>\n","protected":false},"excerpt":{"rendered":"<p>El objetivo de consolidar una agenda conjunta de competitividad que integre la visi\u00f3n de la cadena de valor. El acuerdo fue suscripto por Carla Mart\u00edn Bonito, presidente de COPAL, y Federico Zerboni, presidente de MAIZAR, y establece un marco para&#8230;<br \/><a class=\"read-more-button\" href=\"http:\/\/elmediodelcampo.com.ar\/?p=14923\">Leer m\u00e1s<\/a><\/p>\n","protected":false},"author":1,"featured_media":0,"comment_status":"closed","ping_status":"open","sticky":false,"template":"","format":"standard","meta":{"footnotes":""},"categories":[11,17],"tags":[],"class_list":["post-14923","post","type-post","status-publish","format-standard","hentry","category-agricultura","category-alimentacion"],"_links":{"self":[{"href":"http:\/\/elmediodelcampo.com.ar\/index.php?rest_route=\/wp\/v2\/posts\/14923","targetHints":{"allow":["GET"]}}],"collection":[{"href":"http:\/\/elmediodelcampo.com.ar\/index.php?rest_route=\/wp\/v2\/posts"}],"about":[{"href":"http:\/\/elmediodelcampo.com.ar\/index.php?rest_route=\/wp\/v2\/types\/post"}],"author":[{"embeddable":true,"href":"http:\/\/elmediodelcampo.com.ar\/index.php?rest_route=\/wp\/v2\/users\/1"}],"replies":[{"embeddable":true,"href":"http:\/\/elmediodelcampo.com.ar\/index.php?rest_route=%2Fwp%2Fv2%2Fcomments&post=14923"}],"version-history":[{"count":1,"href":"http:\/\/elmediodelcampo.com.ar\/index.php?rest_route=\/wp\/v2\/posts\/14923\/revisions"}],"predecessor-version":[{"id":14925,"href":"http:\/\/elmediodelcampo.com.ar\/index.php?rest_route=\/wp\/v2\/posts\/14923\/revisions\/14925"}],"wp:attachment":[{"href":"http:\/\/elmediodelcampo.com.ar\/index.php?rest_route=%2Fwp%2Fv2%2Fmedia&parent=14923"}],"wp:term":[{"taxonomy":"category","embeddable":true,"href":"http:\/\/elmediodelcampo.com.ar\/index.php?rest_route=%2Fwp%2Fv2%2Fcategories&post=14923"},{"taxonomy":"post_tag","embeddable":true,"href":"http:\/\/elmediodelcampo.com.ar\/index.php?rest_route=%2Fwp%2Fv2%2Ftags&post=14923"}],"curies":[{"name":"wp","href":"https:\/\/api.w.org\/{rel}","templated":true}]}}