{"id":14910,"date":"2025-11-29T00:03:27","date_gmt":"2025-11-29T00:03:27","guid":{"rendered":"http:\/\/elmediodelcampo.com.ar\/?p=14910"},"modified":"2025-11-29T00:03:28","modified_gmt":"2025-11-29T00:03:28","slug":"reconocimientos-nacionales-a-iniciativas-vinculadas-con-el-trabajo-junto-a-la-comunidad-y-la-sostenibilidad","status":"publish","type":"post","link":"http:\/\/elmediodelcampo.com.ar\/?p=14910","title":{"rendered":"Reconocimientos nacionales a iniciativas vinculadas con el trabajo junto a la comunidad y la sostenibilidad"},"content":{"rendered":"\n<p><br><\/p>\n\n\n\n<figure class=\"wp-block-image size-large\"><a href=\"http:\/\/elmediodelcampo.com.ar\/wp-content\/uploads\/2025\/11\/EIKON-3.jpg\"><img loading=\"lazy\" decoding=\"async\" width=\"1024\" height=\"683\" src=\"http:\/\/elmediodelcampo.com.ar\/wp-content\/uploads\/2025\/11\/EIKON-3-1024x683.jpg\" alt=\"\" class=\"wp-image-14911\" srcset=\"http:\/\/elmediodelcampo.com.ar\/wp-content\/uploads\/2025\/11\/EIKON-3-1024x683.jpg 1024w, http:\/\/elmediodelcampo.com.ar\/wp-content\/uploads\/2025\/11\/EIKON-3-300x200.jpg 300w, http:\/\/elmediodelcampo.com.ar\/wp-content\/uploads\/2025\/11\/EIKON-3-768x512.jpg 768w, http:\/\/elmediodelcampo.com.ar\/wp-content\/uploads\/2025\/11\/EIKON-3-1536x1024.jpg 1536w, http:\/\/elmediodelcampo.com.ar\/wp-content\/uploads\/2025\/11\/EIKON-3-2048x1366.jpg 2048w, http:\/\/elmediodelcampo.com.ar\/wp-content\/uploads\/2025\/11\/EIKON-3-956x637.jpg 956w\" sizes=\"auto, (max-width: 1024px) 100vw, 1024px\" \/><\/a><\/figure>\n\n\n\n<p>Tres importantes proyectos liderados por la compa\u00f1\u00eda durante 2024 recibieron distinciones de relevancia por parte de dos entidades a nivel nacional: la Revista Imagen y el Foro Ecum\u00e9nico Social.<br>El pasado 11 de noviembre se llev\u00f3 adelante una nueva edici\u00f3n de la noche de los Eikon, un evento organizado por la Revista Imagen que cada a\u00f1o re\u00fane a profesionales de comunicaci\u00f3n, relaciones p\u00fablicas, sustentabilidad y lobbying de la Argentina para premiar la excelencia en comunicaci\u00f3n institucional. En esta oportunidad, Profertil recibi\u00f3 dos reconocimientos.<\/p>\n\n\n\n<p>En la categor\u00eda Sustentabilidad Cultural, el \u201cProyecto de Identidad Whitense: ra\u00edces que inspiran, comunidad que construye\u201d mereci\u00f3 un Eikon de Plata. Esta iniciativa que comenz\u00f3 en 2022 y finaliz\u00f3 en 2024 fue liderada por la Mesa de Proyectos de Profertil con el objetivo de revalorizar la identidad whitense a trav\u00e9s de un relato colectivo. Se trat\u00f3 de un proceso que cont\u00f3 con la participaci\u00f3n activa y la articulaci\u00f3n entre organizaciones de la comunidad, universidades, municipio y la empresa, fortaleciendo el sentido de pertenencia y logrando que el espacio p\u00fablico refleje el orgullo local y la colaboraci\u00f3n entre generaciones.<br>Por su parte, el caso \u201cRenacer en equipo: construyendo esperanza despu\u00e9s de la tormenta\u201d que fue reconocido con un Eikon Azul en la categor\u00eda Sustentabilidad Social, dio cuenta de la estrategia integral implementada por la compa\u00f1\u00eda luego del temporal que afect\u00f3 a las ciudades de Bah\u00eda Blanca e Ingeniero White en diciembre de 2023. Las acciones llevadas a cabo tuvieron como objetivo visibilizar el impacto del desastre, movilizar apoyo y fortalecer el sentido de comunidad.<\/p>\n\n\n\n<p>Profertil agradece especialmente a las instituciones, organismos, colaboradores y vecinos que fueron motor e hicieron posible que estas iniciativas hayan podido concretarse.<br>Por otra parte, en un nuevo certamen del Foro Ecum\u00e9nico Social, Profertil recibi\u00f3 por segundo a\u00f1o consecutivo la distinci\u00f3n al Mejor Reporte Social de Empresas de la Argentina, por su Reporte de Sostenibilidad 2024. El acto oficial se realiz\u00f3 el 5 de noviembre en \u201cAmigos del Bellas Artes\u201d, Avenida Figueroa Alcorta 2270, CABA.<\/p>\n\n\n\n<p>Desde 2022, estos reconocimientos son entregados con el objetivo de valorar a las empresas que demuestren un comportamiento \u00e9tico y su compromiso con la comunidad.<\/p>\n","protected":false},"excerpt":{"rendered":"<p>Tres importantes proyectos liderados por la compa\u00f1\u00eda durante 2024 recibieron distinciones de relevancia por parte de dos entidades a nivel nacional: la Revista Imagen y el Foro Ecum\u00e9nico Social.El pasado 11 de noviembre se llev\u00f3 adelante una nueva edici\u00f3n de&#8230;<br \/><a class=\"read-more-button\" href=\"http:\/\/elmediodelcampo.com.ar\/?p=14910\">Leer m\u00e1s<\/a><\/p>\n","protected":false},"author":1,"featured_media":0,"comment_status":"closed","ping_status":"open","sticky":false,"template":"","format":"standard","meta":{"footnotes":""},"categories":[11,110,118],"tags":[],"class_list":["post-14910","post","type-post","status-publish","format-standard","hentry","category-agricultura","category-celebracion","category-fertilizantes"],"_links":{"self":[{"href":"http:\/\/elmediodelcampo.com.ar\/index.php?rest_route=\/wp\/v2\/posts\/14910","targetHints":{"allow":["GET"]}}],"collection":[{"href":"http:\/\/elmediodelcampo.com.ar\/index.php?rest_route=\/wp\/v2\/posts"}],"about":[{"href":"http:\/\/elmediodelcampo.com.ar\/index.php?rest_route=\/wp\/v2\/types\/post"}],"author":[{"embeddable":true,"href":"http:\/\/elmediodelcampo.com.ar\/index.php?rest_route=\/wp\/v2\/users\/1"}],"replies":[{"embeddable":true,"href":"http:\/\/elmediodelcampo.com.ar\/index.php?rest_route=%2Fwp%2Fv2%2Fcomments&post=14910"}],"version-history":[{"count":1,"href":"http:\/\/elmediodelcampo.com.ar\/index.php?rest_route=\/wp\/v2\/posts\/14910\/revisions"}],"predecessor-version":[{"id":14912,"href":"http:\/\/elmediodelcampo.com.ar\/index.php?rest_route=\/wp\/v2\/posts\/14910\/revisions\/14912"}],"wp:attachment":[{"href":"http:\/\/elmediodelcampo.com.ar\/index.php?rest_route=%2Fwp%2Fv2%2Fmedia&parent=14910"}],"wp:term":[{"taxonomy":"category","embeddable":true,"href":"http:\/\/elmediodelcampo.com.ar\/index.php?rest_route=%2Fwp%2Fv2%2Fcategories&post=14910"},{"taxonomy":"post_tag","embeddable":true,"href":"http:\/\/elmediodelcampo.com.ar\/index.php?rest_route=%2Fwp%2Fv2%2Ftags&post=14910"}],"curies":[{"name":"wp","href":"https:\/\/api.w.org\/{rel}","templated":true}]}}