{"id":14561,"date":"2024-12-30T13:38:31","date_gmt":"2024-12-30T13:38:31","guid":{"rendered":"http:\/\/elmediodelcampo.com.ar\/?p=14561"},"modified":"2024-12-30T13:38:32","modified_gmt":"2024-12-30T13:38:32","slug":"como-identifico-deficiencia-de-fosforo-en-los-cultivos-de-soja","status":"publish","type":"post","link":"http:\/\/elmediodelcampo.com.ar\/?p=14561","title":{"rendered":"\u00bfC\u00f3mo identifico deficiencia de f\u00f3sforo en los cultivos de Soja?"},"content":{"rendered":"\n<figure class=\"wp-block-image size-large\"><a href=\"http:\/\/elmediodelcampo.com.ar\/wp-content\/uploads\/2024\/12\/fosforo.png\"><img loading=\"lazy\" decoding=\"async\" width=\"1024\" height=\"776\" src=\"http:\/\/elmediodelcampo.com.ar\/wp-content\/uploads\/2024\/12\/fosforo-1024x776.png\" alt=\"\" class=\"wp-image-14562\" srcset=\"http:\/\/elmediodelcampo.com.ar\/wp-content\/uploads\/2024\/12\/fosforo-1024x776.png 1024w, http:\/\/elmediodelcampo.com.ar\/wp-content\/uploads\/2024\/12\/fosforo-300x227.png 300w, http:\/\/elmediodelcampo.com.ar\/wp-content\/uploads\/2024\/12\/fosforo-768x582.png 768w, http:\/\/elmediodelcampo.com.ar\/wp-content\/uploads\/2024\/12\/fosforo-956x725.png 956w, http:\/\/elmediodelcampo.com.ar\/wp-content\/uploads\/2024\/12\/fosforo.png 1108w\" sizes=\"auto, (max-width: 1024px) 100vw, 1024px\" \/><\/a><\/figure>\n\n\n\n<p>El cultivo de soja tiene una elevada demanda de f\u00f3sforo para su crecimiento, estimada en 6 kg de P por tonelada de grano producida. Adem\u00e1s, como su \u00edndice de cosecha es alto, m\u00e1s del 85% de absorbido tambi\u00e9n es extra\u00eddo por el cultivo.<\/p>\n\n\n\n<p>Las deficiencias de f\u00f3sforo en el cultivo de soja se manifiestan por el bajo crecimiento de la hoja y el tallo, color verde oscuro, biomasa peque\u00f1a y menor cantidad de granos, que se traduce en menor rendimiento.<\/p>\n","protected":false},"excerpt":{"rendered":"<p>El cultivo de soja tiene una elevada demanda de f\u00f3sforo para su crecimiento, estimada en 6 kg de P por tonelada de grano producida. Adem\u00e1s, como su \u00edndice de cosecha es alto, m\u00e1s del 85% de absorbido tambi\u00e9n es extra\u00eddo&#8230;<br \/><a class=\"read-more-button\" href=\"http:\/\/elmediodelcampo.com.ar\/?p=14561\">Leer m\u00e1s<\/a><\/p>\n","protected":false},"author":1,"featured_media":0,"comment_status":"closed","ping_status":"open","sticky":false,"template":"","format":"standard","meta":{"footnotes":""},"categories":[11,118],"tags":[],"class_list":["post-14561","post","type-post","status-publish","format-standard","hentry","category-agricultura","category-fertilizantes"],"_links":{"self":[{"href":"http:\/\/elmediodelcampo.com.ar\/index.php?rest_route=\/wp\/v2\/posts\/14561","targetHints":{"allow":["GET"]}}],"collection":[{"href":"http:\/\/elmediodelcampo.com.ar\/index.php?rest_route=\/wp\/v2\/posts"}],"about":[{"href":"http:\/\/elmediodelcampo.com.ar\/index.php?rest_route=\/wp\/v2\/types\/post"}],"author":[{"embeddable":true,"href":"http:\/\/elmediodelcampo.com.ar\/index.php?rest_route=\/wp\/v2\/users\/1"}],"replies":[{"embeddable":true,"href":"http:\/\/elmediodelcampo.com.ar\/index.php?rest_route=%2Fwp%2Fv2%2Fcomments&post=14561"}],"version-history":[{"count":1,"href":"http:\/\/elmediodelcampo.com.ar\/index.php?rest_route=\/wp\/v2\/posts\/14561\/revisions"}],"predecessor-version":[{"id":14563,"href":"http:\/\/elmediodelcampo.com.ar\/index.php?rest_route=\/wp\/v2\/posts\/14561\/revisions\/14563"}],"wp:attachment":[{"href":"http:\/\/elmediodelcampo.com.ar\/index.php?rest_route=%2Fwp%2Fv2%2Fmedia&parent=14561"}],"wp:term":[{"taxonomy":"category","embeddable":true,"href":"http:\/\/elmediodelcampo.com.ar\/index.php?rest_route=%2Fwp%2Fv2%2Fcategories&post=14561"},{"taxonomy":"post_tag","embeddable":true,"href":"http:\/\/elmediodelcampo.com.ar\/index.php?rest_route=%2Fwp%2Fv2%2Ftags&post=14561"}],"curies":[{"name":"wp","href":"https:\/\/api.w.org\/{rel}","templated":true}]}}