{"id":13806,"date":"2023-08-17T15:44:16","date_gmt":"2023-08-17T15:44:16","guid":{"rendered":"http:\/\/elmediodelcampo.com.ar\/?p=13806"},"modified":"2023-08-17T15:44:16","modified_gmt":"2023-08-17T15:44:16","slug":"el-campo-esta-todo-cortado","status":"publish","type":"post","link":"http:\/\/elmediodelcampo.com.ar\/?p=13806","title":{"rendered":"\u201cEl campo est\u00e1 todo cortado\u201d"},"content":{"rendered":"\n<figure class=\"wp-block-image size-full\"><a href=\"http:\/\/elmediodelcampo.com.ar\/wp-content\/uploads\/2023\/08\/carcavas-midiendo.jpg\"><img loading=\"lazy\" decoding=\"async\" width=\"768\" height=\"731\" src=\"http:\/\/elmediodelcampo.com.ar\/wp-content\/uploads\/2023\/08\/carcavas-midiendo.jpg\" alt=\"\" class=\"wp-image-13807\" srcset=\"http:\/\/elmediodelcampo.com.ar\/wp-content\/uploads\/2023\/08\/carcavas-midiendo.jpg 768w, http:\/\/elmediodelcampo.com.ar\/wp-content\/uploads\/2023\/08\/carcavas-midiendo-300x286.jpg 300w\" sizes=\"auto, (max-width: 768px) 100vw, 768px\" \/><\/a><\/figure>\n\n\n\n<p><br>Un estudio de la FAUBA se\u00f1al\u00f3 que la densidad de las c\u00e1rcavas en la Pampa Ondulada es extremadamente alta y est\u00e1 en aumento. Por medio de im\u00e1genes satelitales, alertan sobre este fen\u00f3meno irreversible, su v\u00ednculo con el uso agr\u00edcola y buscan c\u00f3mo prevenirlo.<br>Por: Sebasti\u00e1n M. Tamashiro<\/p>\n\n\n\n<p>(SLT-FAUBA) Las c\u00e1rcavas constituyen una forma irreversible de degradaci\u00f3n de los suelos, y su frecuencia en los lotes agr\u00edcolas es cada vez mayor. \u00bfCu\u00e1n grave es este proceso? Un estudio de la Facultad de Agronom\u00eda de la UBA (FAUBA) utiliz\u00f3 im\u00e1genes satelitales para identificar y cuantificar este tipo de erosi\u00f3n h\u00eddrica en la Pampa Ondulada bonaerense, la regi\u00f3n con mayor historia de uso agr\u00edcola del pa\u00eds. El trabajo encontr\u00f3 m\u00e1s de 1 km de c\u00e1rcavas por km2 de campo productivo. Desarrollan una metodolog\u00eda de alta eficiencia para detectarlas desde el espacio y plantean la necesidad urgente de medidas de prevenci\u00f3n.<\/p>\n\n\n\n<p>\u201cLas c\u00e1rcavas son como grandes zanjones que se generan por p\u00e9rdida de suelo; pueden medir kil\u00f3metros de largo y tener bastantes metros de ancho y profundidad. Son producto de la erosi\u00f3n h\u00eddrica; es decir, por efecto del agua, que al correr por la superficie se lleva el suelo. Es importante atenderlas porque son irreversibles y se est\u00e1n haciendo m\u00e1s severas. Con ellas se pierde suelo, superficie agropecuaria y se puede generar contaminaci\u00f3n de cursos de agua\u201d, explic\u00f3 Luc\u00eda Worcel, docente de Manejo y Conservaci\u00f3n de Suelos en la FAUBA.<\/p>\n\n\n\n<p>\u201cTrabajamos en la Pampa Ondulada, la regi\u00f3n con la m\u00e1s larga historia de uso agr\u00edcola del pa\u00eds. Cuenta con pendientes suaves y suelos muy limosos, una textura que los vuelve fr\u00e1giles a ciertos manejos agron\u00f3micos. Durante muchas d\u00e9cadas se realizaron laboreos convencionales, lo cual gener\u00f3 una situaci\u00f3n propicia para la erosi\u00f3n h\u00eddrica. En esta zona vemos c\u00f3mo las c\u00e1rcavas avanzan y ganan cada vez m\u00e1s terreno\u201d, cont\u00f3 Luc\u00eda.<\/p>\n\n\n\n<p>En este sentido, destac\u00f3 que quiso definir cu\u00e1n grave es la situaci\u00f3n de la erosi\u00f3n en c\u00e1rcavas en la Pampa Ondulada. Para ello, utiliz\u00f3 fotograf\u00edas a\u00e9reas, im\u00e1genes satelitales y relevamientos a campo. Espec\u00edficamente, se enfoc\u00f3 en la cuenca del arroyo El Tala. \u201cAnalizamos dos sectores de 90 km2 bien contrastantes por sus pendientes, topograf\u00eda e historia de uso. En cada uno identificamos entre 200 y 400 c\u00e1rcavas\u201d, resalt\u00f3 Worcel.<\/p>\n\n\n\n<p>\u00bfSon muchas o pocas? Para conocerlo, la docente utiliz\u00f3 un indicador que se usa a nivel mundial: la densidad de c\u00e1rcavas; es decir, cu\u00e1ntos km de c\u00e1rcavas hay por km2 de superficie. \u201cEn los dos sectores hay una densidad de c\u00e1rcavas extremadamente alta. Encontramos m\u00e1s de 1 km de c\u00e1rcavas por km2 de campo, y detectamos que el proceso est\u00e1 avanzando\u201d, advirti\u00f3 a partir de un art\u00edculo publicado en la Revista Cient\u00edfica Agropecuaria de la Universidad Nacional de Entre R\u00edos.<\/p>\n\n\n\n<p>Perspectivas desde el cielo<br>Worcel indic\u00f3 que en las im\u00e1genes satelitales, una c\u00e1rcava se ve como un arroyo, pero que contrasta con el paisaje productivo. \u201cUn r\u00edo o un arroyo se ven mucho m\u00e1s integrados a la estructura del paisaje. En cambio, las c\u00e1rcavas irrumpen en el paisaje, lo fragmentan siguiendo las pendientes hacia arriba, en caminos complejos que se van conectando como en una red\u201d.<\/p>\n\n\n\n<p>Junto con Sebasti\u00e1n Vangeli, Alejandro Maggi y Celio Chagas, docentes de la misma c\u00e1tedra que Luc\u00eda, generaron una metodolog\u00eda efectiva para identificar c\u00e1rcavas tanto en la Pampa Ondulada como en otras regiones. Al basarse en herramientas satelitales, no ser\u00eda necesario recorrer en persona los campos. \u201cPrimero identificamos las c\u00e1rcavas en las im\u00e1genes y luego fuimos al campo para corroborar si, en efecto, lo eran. Tuvimos una eficiencia del 85%. Durante esas jornadas, los productores nos mencionaron que \u2018el campo est\u00e1 todo cortado\u2019\u201d.<\/p>\n\n\n\n<p>Profundizar la prevenci\u00f3n<br>\u201cUn campo fragmentado dificulta el paso de las maquinarias y el resto de las actividades en los establecimientos\u201d, afirm\u00f3 Worcel. \u201cEsto implica que se deben cambiar los manejos, porque si bien \u2014como dije antes\u2014 es un proceso irreversible, se puede prevenir. Para ello es necesario determinar en profundidad cu\u00e1les son los factores que las desencadenan y d\u00f3nde es posible que se desarrollen, a fin de saber d\u00f3nde tomar medidas\u201d.<\/p>\n\n\n\n<p>\u201cEn la Pampa Ondulada, las c\u00e1rcavas tienen que ver con una situaci\u00f3n de baja cobertura y de encostramiento de los suelos que genera que el agua no infiltre, escurra y se concentre en determinadas zonas donde genera surcos. Entonces, principalmente se debe mejorar la infiltraci\u00f3n y la cobertura vegetal, repensar la intensidad del uso agr\u00edcola y definir las zonas donde no se puede hacer agricultura\u201d, agreg\u00f3.<\/p>\n\n\n\n<p>Al disponer de fotograf\u00edas a\u00e9reas de la d\u00e9cada del sesenta e im\u00e1genes satelitales desde los ochenta hasta la actualidad, Worcel y el equipo de trabajo detectaron un proceso muy r\u00e1pido de transformaci\u00f3n del uso del suelo en la Pampa Ondulada, de pastizales naturales a la ganader\u00eda y a la agricultura. Para cerrar, reflexion\u00f3: \u201cHay que repensar la intensidad de uso que se le dio a la Pampa Ondulada y aprender de lo que muestran los signos de degradaci\u00f3n que aparecieron en sus suelos\u201d.<\/p>\n","protected":false},"excerpt":{"rendered":"<p>Un estudio de la FAUBA se\u00f1al\u00f3 que la densidad de las c\u00e1rcavas en la Pampa Ondulada es extremadamente alta y est\u00e1 en aumento. Por medio de im\u00e1genes satelitales, alertan sobre este fen\u00f3meno irreversible, su v\u00ednculo con el uso agr\u00edcola y&#8230;<br \/><a class=\"read-more-button\" href=\"http:\/\/elmediodelcampo.com.ar\/?p=13806\">Leer m\u00e1s<\/a><\/p>\n","protected":false},"author":1,"featured_media":0,"comment_status":"closed","ping_status":"open","sticky":false,"template":"","format":"standard","meta":{"footnotes":""},"categories":[11,23],"tags":[],"class_list":["post-13806","post","type-post","status-publish","format-standard","hentry","category-agricultura","category-medio-ambiente"],"_links":{"self":[{"href":"http:\/\/elmediodelcampo.com.ar\/index.php?rest_route=\/wp\/v2\/posts\/13806","targetHints":{"allow":["GET"]}}],"collection":[{"href":"http:\/\/elmediodelcampo.com.ar\/index.php?rest_route=\/wp\/v2\/posts"}],"about":[{"href":"http:\/\/elmediodelcampo.com.ar\/index.php?rest_route=\/wp\/v2\/types\/post"}],"author":[{"embeddable":true,"href":"http:\/\/elmediodelcampo.com.ar\/index.php?rest_route=\/wp\/v2\/users\/1"}],"replies":[{"embeddable":true,"href":"http:\/\/elmediodelcampo.com.ar\/index.php?rest_route=%2Fwp%2Fv2%2Fcomments&post=13806"}],"version-history":[{"count":1,"href":"http:\/\/elmediodelcampo.com.ar\/index.php?rest_route=\/wp\/v2\/posts\/13806\/revisions"}],"predecessor-version":[{"id":13808,"href":"http:\/\/elmediodelcampo.com.ar\/index.php?rest_route=\/wp\/v2\/posts\/13806\/revisions\/13808"}],"wp:attachment":[{"href":"http:\/\/elmediodelcampo.com.ar\/index.php?rest_route=%2Fwp%2Fv2%2Fmedia&parent=13806"}],"wp:term":[{"taxonomy":"category","embeddable":true,"href":"http:\/\/elmediodelcampo.com.ar\/index.php?rest_route=%2Fwp%2Fv2%2Fcategories&post=13806"},{"taxonomy":"post_tag","embeddable":true,"href":"http:\/\/elmediodelcampo.com.ar\/index.php?rest_route=%2Fwp%2Fv2%2Ftags&post=13806"}],"curies":[{"name":"wp","href":"https:\/\/api.w.org\/{rel}","templated":true}]}}