{"id":13707,"date":"2023-05-25T21:00:50","date_gmt":"2023-05-25T21:00:50","guid":{"rendered":"http:\/\/elmediodelcampo.com.ar\/?p=13707"},"modified":"2023-05-25T21:00:50","modified_gmt":"2023-05-25T21:00:50","slug":"en-la-reunion-anual-de-la-asociacion-internacional-de-fertilizantes-profertil-destaca-el-rol-de-argentina-en-la-industria-mundial-de-los-fertilizantes","status":"publish","type":"post","link":"http:\/\/elmediodelcampo.com.ar\/?p=13707","title":{"rendered":"En la reuni\u00f3n anual de la Asociaci\u00f3n Internacional de Fertilizantes Profertil destaca el rol de Argentina en la industria mundial de los fertilizantes"},"content":{"rendered":"<div class=\"wp-block-image\">\n<figure class=\"aligncenter size-full\"><a href=\"http:\/\/elmediodelcampo.com.ar\/wp-content\/uploads\/2023\/05\/Equipo-Profertil-IFA.jpeg\"><img loading=\"lazy\" decoding=\"async\" width=\"796\" height=\"1024\" src=\"http:\/\/elmediodelcampo.com.ar\/wp-content\/uploads\/2023\/05\/Equipo-Profertil-IFA.jpeg\" alt=\"\" class=\"wp-image-13708\" srcset=\"http:\/\/elmediodelcampo.com.ar\/wp-content\/uploads\/2023\/05\/Equipo-Profertil-IFA.jpeg 796w, http:\/\/elmediodelcampo.com.ar\/wp-content\/uploads\/2023\/05\/Equipo-Profertil-IFA-233x300.jpeg 233w, http:\/\/elmediodelcampo.com.ar\/wp-content\/uploads\/2023\/05\/Equipo-Profertil-IFA-768x988.jpeg 768w\" sizes=\"auto, (max-width: 796px) 100vw, 796px\" \/><\/a><\/figure>\n<\/div>\n\n\n<p>Profertil, l\u00edder en la producci\u00f3n de fertilizantes en Argentina, particip\u00f3 activamente en la reuni\u00f3n anual de la Asociaci\u00f3n Internacional de Fertilizantes (IFA, por su sigla en ingl\u00e9s) en Praga, Rep\u00fablica Checa. Durante el evento, la compa\u00f1\u00eda resalt\u00f3 su compromiso con la seguridad alimentaria, la sostenibilidad y la innovaci\u00f3n en la industria de los fertilizantes.<\/p>\n\n\n\n<p>Bajo el lema \u00abDonde los mercados de la Alimentaci\u00f3n y la Energ\u00eda se encuentran\u00bb, la reuni\u00f3n anual de IFA convoc\u00f3 a l\u00edderes y expertos de la industria para abordar temas clave en el campo de la producci\u00f3n agr\u00edcola y los fertilizantes. IFA es la instituci\u00f3n global m\u00e1s importante en materia de fertilizantes y nuclea a los principales actores del sector. Profertil es parte activa de la Asociaci\u00f3n a cuya CEO, Alzbeta Klein, recibi\u00f3 hace pocos meses en la planta de producci\u00f3n de Ingeniero White.<\/p>\n\n\n\n<p>Durante el evento en Praga, el gerente general de Profertil, Marcos Sabelli, expres\u00f3: \u00abestamos orgullosos de representar a Argentina en esta reuni\u00f3n internacional. En Profertil trabajamos incansablemente para contribuir a la sostenibilidad de los sistemas de producci\u00f3n agr\u00edcola y garantizar la disponibilidad de alimentos\u00bb.<\/p>\n\n\n\n<p>Mirando la producci\u00f3n local desde un escenario internacional, Sabelli afirm\u00f3 que \u201cla producci\u00f3n anual de 1,3 millones de toneladas de urea que aporta Profertil al pa\u00eds juega un papel esencial para que los productores argentinos alcancen altos rendimientos en sus cultivos. Es un diferencial que tiene nuestro pa\u00eds y consolida el camino de Argentina como un actor relevante en la producci\u00f3n de alimentos a nivel mundial\u201d.<\/p>\n\n\n\n<p>Las exposiciones en el encuentro anual de IFA rondaron en torno a la producci\u00f3n y la energ\u00eda, pero tambi\u00e9n abordaron los caminos necesarios para llegar a los objetivos desafiantes que la industria tiene por delante. As\u00ed, se cubrieron temas de diversidad de g\u00e9nero y tambi\u00e9n del cuidado de la biodiversidad, entre muchas otras conversaciones. La participaci\u00f3n de Profertil en el encuentro anual del IFA fue destacada, con Sabelli como parte del directorio de la Asociaci\u00f3n y la presencia de Mario Suffriti, gerente comercial de la compa\u00f1\u00eda.<\/p>\n","protected":false},"excerpt":{"rendered":"<p>Profertil, l\u00edder en la producci\u00f3n de fertilizantes en Argentina, particip\u00f3 activamente en la reuni\u00f3n anual de la Asociaci\u00f3n Internacional de Fertilizantes (IFA, por su sigla en ingl\u00e9s) en Praga, Rep\u00fablica Checa. Durante el evento, la compa\u00f1\u00eda resalt\u00f3 su compromiso con&#8230;<br \/><a class=\"read-more-button\" href=\"http:\/\/elmediodelcampo.com.ar\/?p=13707\">Leer m\u00e1s<\/a><\/p>\n","protected":false},"author":1,"featured_media":0,"comment_status":"closed","ping_status":"open","sticky":false,"template":"","format":"standard","meta":{"footnotes":""},"categories":[11,118],"tags":[],"class_list":["post-13707","post","type-post","status-publish","format-standard","hentry","category-agricultura","category-fertilizantes"],"_links":{"self":[{"href":"http:\/\/elmediodelcampo.com.ar\/index.php?rest_route=\/wp\/v2\/posts\/13707","targetHints":{"allow":["GET"]}}],"collection":[{"href":"http:\/\/elmediodelcampo.com.ar\/index.php?rest_route=\/wp\/v2\/posts"}],"about":[{"href":"http:\/\/elmediodelcampo.com.ar\/index.php?rest_route=\/wp\/v2\/types\/post"}],"author":[{"embeddable":true,"href":"http:\/\/elmediodelcampo.com.ar\/index.php?rest_route=\/wp\/v2\/users\/1"}],"replies":[{"embeddable":true,"href":"http:\/\/elmediodelcampo.com.ar\/index.php?rest_route=%2Fwp%2Fv2%2Fcomments&post=13707"}],"version-history":[{"count":1,"href":"http:\/\/elmediodelcampo.com.ar\/index.php?rest_route=\/wp\/v2\/posts\/13707\/revisions"}],"predecessor-version":[{"id":13709,"href":"http:\/\/elmediodelcampo.com.ar\/index.php?rest_route=\/wp\/v2\/posts\/13707\/revisions\/13709"}],"wp:attachment":[{"href":"http:\/\/elmediodelcampo.com.ar\/index.php?rest_route=%2Fwp%2Fv2%2Fmedia&parent=13707"}],"wp:term":[{"taxonomy":"category","embeddable":true,"href":"http:\/\/elmediodelcampo.com.ar\/index.php?rest_route=%2Fwp%2Fv2%2Fcategories&post=13707"},{"taxonomy":"post_tag","embeddable":true,"href":"http:\/\/elmediodelcampo.com.ar\/index.php?rest_route=%2Fwp%2Fv2%2Ftags&post=13707"}],"curies":[{"name":"wp","href":"https:\/\/api.w.org\/{rel}","templated":true}]}}