{"id":1319,"date":"2015-09-22T11:10:16","date_gmt":"2015-09-22T11:10:16","guid":{"rendered":"http:\/\/elmediodelcampo.com.ar\/?p=1319"},"modified":"2015-09-22T11:10:16","modified_gmt":"2015-09-22T11:10:16","slug":"desafiando-a-la-tecnologia-producir-sin-agroquimicos","status":"publish","type":"post","link":"http:\/\/elmediodelcampo.com.ar\/?p=1319","title":{"rendered":"Desafiando a la tecnolog\u00eda: producir sin agroqu\u00edmicos"},"content":{"rendered":"<p><a href=\"http:\/\/elmediodelcampo.com.ar\/wp-content\/uploads\/2015\/09\/foto.jpg\"><img loading=\"lazy\" decoding=\"async\" class=\"alignleft size-medium wp-image-1321\" src=\"http:\/\/elmediodelcampo.com.ar\/wp-content\/uploads\/2015\/09\/foto-300x104.jpg\" alt=\"foto\" width=\"300\" height=\"104\" srcset=\"http:\/\/elmediodelcampo.com.ar\/wp-content\/uploads\/2015\/09\/foto-300x104.jpg 300w, http:\/\/elmediodelcampo.com.ar\/wp-content\/uploads\/2015\/09\/foto.jpg 845w\" sizes=\"auto, (max-width: 300px) 100vw, 300px\" \/><\/a>Tanto en los medios masivos como en las conversaciones de caf\u00e9, cada vez m\u00e1s se escucha acerca de las posibilidades de producir de forma org\u00e1nica. Es una propuesta muy seductora porque se relaciona con la idea de volver a c\u00f3mo era la vida \u201cantes\u201d, suponiendo que en el pasado todo era m\u00e1s sencillo y aut\u00e9ntico por no haber tanta tecnolog\u00eda disponible (entre otras cosas). Sin embargo, actualmente, inclusive en las producciones org\u00e1nicas &#8211; que exceden lo que podr\u00eda ser una huerta en nuestra casa- usan productos para la protecci\u00f3n de cultivos o tambi\u00e9n conocidos como fitosanitarios de tipo biol\u00f3gico.<br \/>\nNicol\u00e1s Skare, adem\u00e1s de desempe\u00f1arse como aplicador de agroqu\u00edmicos de forma a\u00e9rea y terrestre, tambi\u00e9n es productor agropecuario en la zona de Salto, provincia de Buenos Aires. En esta entrevista nos cuenta su experiencia piloto de producci\u00f3n org\u00e1nica desafiando a la tecnolog\u00eda disponible.<br \/>\n\u00bfC\u00f3mo surgi\u00f3 la idea de abordar una producci\u00f3n sin agroqu\u00edmicos?<br \/>\nDesde hace tiempo tenemos en nuestra casa una huerta familiar y un d\u00eda, a modo de prueba, quisimos ensayar la experiencia de producir sin ning\u00fan tipo de agroqu\u00edmico\u2026<br \/>\n\u00bfCu\u00e1les fueron los resultados?<br \/>\nLa verdad y en pocas palabras, el resultado fue muy malo: comimos poqu\u00edsimos tomates y tanto la lechuga como la acelga crecieron todas perforadas, ya que las orugas y otras plagas \u00a1simplemente devoraron nuestra quinta! No hubo forma de pararlas ni de salvar la producci\u00f3n.<\/p>\n<p>\u00bfPero se acordaron de colocar las plantas que se consideran controladoras de insectos?<br \/>\n\u00a1Por supuesto! Nosotros quer\u00edamos que la experiencia tuviera buenos resultados, as\u00ed que para que funcionen como repelentes naturales sembramos albahaca, ruda macho y hembra, crisantemos, ajos y cebollas. Hasta colocamos ranas, sapos y utilizamos agua con jab\u00f3n blanco. Hicimos todo lo que se dice que hay que hacer en estos casos, pero nada dio resultado.<br \/>\n\u00bfY qu\u00e9 hicieron entonces?<br \/>\nDecidimos volver a sembrar como hab\u00edamos hecho hasta el momento y todo volvi\u00f3 a la normalidad, sin problemas. Es decir, retomamos el uso de fungicidas, insecticidas y fertilizantes y logramos una producci\u00f3n como tradicionalmente tuvimos. Por supuesto que respetamos las buenas pr\u00e1cticas en el campo, haciendo un uso responsable de los productos para la protecci\u00f3n de cultivos, respetando los tiempos de carencia, y en la mesa, lavando todos los alimentos a conciencia antes de consumirlos.<br \/>\n\u00bfQu\u00e9 consejos le dar\u00edas a un productor?<br \/>\n(Risas) \u00a1No! Yo no soy nadie para dar consejos\u2026 simplemente que pruebe tratando de producir org\u00e1nico sin agroqu\u00edmicos y ya va a ver los resultados.<br \/>\n\u00bfQu\u00e9 conclusi\u00f3n te dej\u00f3 esta experiencia?<br \/>\nCon esto que nos pas\u00f3 a nosotros en nuestra propia huerta, sumado a muchos comentarios de mis vecinos, creo que es f\u00e1cil de comprobar que no es viable alimentar a la poblaci\u00f3n del Planeta, cada vez m\u00e1s numerosa, sin el apoyo de los agroqu\u00edmicos. Adem\u00e1s, hace a\u00f1os que trabajo como a\u00e9reo aplicador y mi experiencia me indica que la clave, como siempre, consiste en respetar las Buenas Pr\u00e1cticas Agr\u00edcolas.<\/p>\n","protected":false},"excerpt":{"rendered":"<p>Tanto en los medios masivos como en las conversaciones de caf\u00e9, cada vez m\u00e1s se escucha acerca de las posibilidades de producir de forma org\u00e1nica. Es una propuesta muy seductora porque se relaciona con la idea de volver a c\u00f3mo&#8230;<br \/><a class=\"read-more-button\" href=\"http:\/\/elmediodelcampo.com.ar\/?p=1319\">Leer m\u00e1s<\/a><\/p>\n","protected":false},"author":2,"featured_media":0,"comment_status":"closed","ping_status":"open","sticky":false,"template":"","format":"standard","meta":{"footnotes":""},"categories":[11],"tags":[],"class_list":["post-1319","post","type-post","status-publish","format-standard","hentry","category-agricultura"],"_links":{"self":[{"href":"http:\/\/elmediodelcampo.com.ar\/index.php?rest_route=\/wp\/v2\/posts\/1319","targetHints":{"allow":["GET"]}}],"collection":[{"href":"http:\/\/elmediodelcampo.com.ar\/index.php?rest_route=\/wp\/v2\/posts"}],"about":[{"href":"http:\/\/elmediodelcampo.com.ar\/index.php?rest_route=\/wp\/v2\/types\/post"}],"author":[{"embeddable":true,"href":"http:\/\/elmediodelcampo.com.ar\/index.php?rest_route=\/wp\/v2\/users\/2"}],"replies":[{"embeddable":true,"href":"http:\/\/elmediodelcampo.com.ar\/index.php?rest_route=%2Fwp%2Fv2%2Fcomments&post=1319"}],"version-history":[{"count":1,"href":"http:\/\/elmediodelcampo.com.ar\/index.php?rest_route=\/wp\/v2\/posts\/1319\/revisions"}],"predecessor-version":[{"id":1323,"href":"http:\/\/elmediodelcampo.com.ar\/index.php?rest_route=\/wp\/v2\/posts\/1319\/revisions\/1323"}],"wp:attachment":[{"href":"http:\/\/elmediodelcampo.com.ar\/index.php?rest_route=%2Fwp%2Fv2%2Fmedia&parent=1319"}],"wp:term":[{"taxonomy":"category","embeddable":true,"href":"http:\/\/elmediodelcampo.com.ar\/index.php?rest_route=%2Fwp%2Fv2%2Fcategories&post=1319"},{"taxonomy":"post_tag","embeddable":true,"href":"http:\/\/elmediodelcampo.com.ar\/index.php?rest_route=%2Fwp%2Fv2%2Ftags&post=1319"}],"curies":[{"name":"wp","href":"https:\/\/api.w.org\/{rel}","templated":true}]}}