{"id":1305,"date":"2015-09-22T11:01:15","date_gmt":"2015-09-22T11:01:15","guid":{"rendered":"http:\/\/elmediodelcampo.com.ar\/?p=1305"},"modified":"2015-09-22T11:01:15","modified_gmt":"2015-09-22T11:01:15","slug":"promueven-la-integracion-regional-en-sistemas-de-informacion-agropecuaria","status":"publish","type":"post","link":"http:\/\/elmediodelcampo.com.ar\/?p=1305","title":{"rendered":"Promueven la integraci\u00f3n regional en sistemas de informaci\u00f3n agropecuaria"},"content":{"rendered":"<p><a href=\"http:\/\/elmediodelcampo.com.ar\/wp-content\/uploads\/2015\/08\/DSC09183.jpg\"><img loading=\"lazy\" decoding=\"async\" class=\"alignleft size-medium wp-image-840\" src=\"http:\/\/elmediodelcampo.com.ar\/wp-content\/uploads\/2015\/08\/DSC09183-300x225.jpg\" alt=\"DSC09183\" width=\"300\" height=\"225\" srcset=\"http:\/\/elmediodelcampo.com.ar\/wp-content\/uploads\/2015\/08\/DSC09183-300x225.jpg 300w, http:\/\/elmediodelcampo.com.ar\/wp-content\/uploads\/2015\/08\/DSC09183-1024x768.jpg 1024w, http:\/\/elmediodelcampo.com.ar\/wp-content\/uploads\/2015\/08\/DSC09183-956x717.jpg 956w\" sizes=\"auto, (max-width: 300px) 100vw, 300px\" \/><\/a>En un encuentro realizado en el IICA, delegados de pa\u00edses de Centroam\u00e9rica y Rep\u00fablica Dominicana discutieron iniciativas para fortalecer el mercado y el comercio.<br \/>\nSan Jos\u00e9, 21 de setiembre, 2015 (IICA). La integraci\u00f3n de los Sistemas de Informaci\u00f3n de Mercados Agropecuarios (SIMA) podr\u00eda mejorar la toma de decisiones y la rentabilidad de los negocios de productores y exportadores.<\/p>\n<p>Esta fue la consigna bajo la cual representantes de los SIMA de Costa Rica, El Salvador, Guatemala, Honduras, Panam\u00e1 y Rep\u00fablica Dominicana se reunieron en la sede central del Instituto Interamericano de Cooperaci\u00f3n para la Agricultura (IICA), en Costa Rica.<\/p>\n<p>Los participantes del encuentro concluyeron que una \u00fanica plataforma alimentada con datos de comercio de estos pa\u00edses agilizar\u00eda la labor de las entidades dedicadas a la recolecci\u00f3n y al an\u00e1lisis de datos y podr\u00eda fomentar la transparencia en el mercado.<\/p>\n<p>Los SIMA son instrumentos para la recolecci\u00f3n, an\u00e1lisis y difusi\u00f3n de informaci\u00f3n acerca de mercados y comercializaci\u00f3n. De acuerdo con la coordinadora del Proyecto Mesoamericano de Fruticultura (PROMEFRUT), Nadia Chalabi, estos sistemas ponen \u00e9nfasis en el monitoreo constante de precios, por ser una variable de mayor peso en la toma de decisiones sobre comercializaci\u00f3n.<\/p>\n<p>\u201cUsar m\u00e9todos de recolecci\u00f3n de precios para permitir la comparaci\u00f3n de datos entre pa\u00edses y asociar el precio de un determinado producto a sus otros atributos como variedad, procedencia, tama\u00f1o y calidad, resulta fundamental para brindar al productor informaci\u00f3n completa y precisa para la toma de decisiones\u201d, manifest\u00f3.<\/p>\n<p>Los participantes resaltaron la importancia de atender las necesidades de los sistemas en materia tecnol\u00f3gica. Tambi\u00e9n recomendaron puntos de mejora en la obtenci\u00f3n de datos, tales como aumentar la cantidad de precios recolectados, hacer m\u00e1s eficiente el ingreso de datos, y dise\u00f1ar un sistema nacional que permita un f\u00e1cil acceso a la informaci\u00f3n, entre otros.<\/p>\n<p>Adem\u00e1s, exploraron las posibilidades de interconexi\u00f3n entre los SIMA y conocieron tres sistemas regionales que funcionan en la actualidad.<\/p>\n<p>El encuentro fue organizado por la regi\u00f3n central de la Organizaci\u00f3n de Informaci\u00f3n de Mercados de las Am\u00e9ricas (OIMA), y el PROMEFRUT, iniciativa apoyada por la Secretar\u00eda Ejecutiva del Consejo Agropecuario Centroamericano (SECAC). La Secretar\u00eda es gestionada por IICA, desde su sede central en Costa Rica.<\/p>\n<p>OIMA es una red de cooperaci\u00f3n integrada por instituciones gubernamentales o vinculadas al gobierno, cuyas funciones principales consisten en recopilar, procesar y difundir informaci\u00f3n relativa a los mercados y a los productos agropecuarios.<\/p>\n<p>La realizaci\u00f3n del evento tambi\u00e9n cont\u00f3 con el apoyo de la Agencia de los Estados Unidos para el Desarrollo Internacional (USAID), el Proyecto Regional de Comercio y Alianzas de Mercado, la Red de Sistemas de Alerta Temprana para la Hambruna (FEWS-NET, por sus siglas en ingl\u00e9s) y el Departamento de Agricultura de los Estados Unidos (USDA).<\/p>\n","protected":false},"excerpt":{"rendered":"<p>En un encuentro realizado en el IICA, delegados de pa\u00edses de Centroam\u00e9rica y Rep\u00fablica Dominicana discutieron iniciativas para fortalecer el mercado y el comercio. San Jos\u00e9, 21 de setiembre, 2015 (IICA). La integraci\u00f3n de los Sistemas de Informaci\u00f3n de Mercados&#8230;<br \/><a class=\"read-more-button\" href=\"http:\/\/elmediodelcampo.com.ar\/?p=1305\">Leer m\u00e1s<\/a><\/p>\n","protected":false},"author":2,"featured_media":0,"comment_status":"closed","ping_status":"open","sticky":false,"template":"","format":"standard","meta":{"footnotes":""},"categories":[11,14],"tags":[],"class_list":["post-1305","post","type-post","status-publish","format-standard","hentry","category-agricultura","category-internacionales"],"_links":{"self":[{"href":"http:\/\/elmediodelcampo.com.ar\/index.php?rest_route=\/wp\/v2\/posts\/1305","targetHints":{"allow":["GET"]}}],"collection":[{"href":"http:\/\/elmediodelcampo.com.ar\/index.php?rest_route=\/wp\/v2\/posts"}],"about":[{"href":"http:\/\/elmediodelcampo.com.ar\/index.php?rest_route=\/wp\/v2\/types\/post"}],"author":[{"embeddable":true,"href":"http:\/\/elmediodelcampo.com.ar\/index.php?rest_route=\/wp\/v2\/users\/2"}],"replies":[{"embeddable":true,"href":"http:\/\/elmediodelcampo.com.ar\/index.php?rest_route=%2Fwp%2Fv2%2Fcomments&post=1305"}],"version-history":[{"count":1,"href":"http:\/\/elmediodelcampo.com.ar\/index.php?rest_route=\/wp\/v2\/posts\/1305\/revisions"}],"predecessor-version":[{"id":1307,"href":"http:\/\/elmediodelcampo.com.ar\/index.php?rest_route=\/wp\/v2\/posts\/1305\/revisions\/1307"}],"wp:attachment":[{"href":"http:\/\/elmediodelcampo.com.ar\/index.php?rest_route=%2Fwp%2Fv2%2Fmedia&parent=1305"}],"wp:term":[{"taxonomy":"category","embeddable":true,"href":"http:\/\/elmediodelcampo.com.ar\/index.php?rest_route=%2Fwp%2Fv2%2Fcategories&post=1305"},{"taxonomy":"post_tag","embeddable":true,"href":"http:\/\/elmediodelcampo.com.ar\/index.php?rest_route=%2Fwp%2Fv2%2Ftags&post=1305"}],"curies":[{"name":"wp","href":"https:\/\/api.w.org\/{rel}","templated":true}]}}