{"id":1281,"date":"2015-09-18T12:20:05","date_gmt":"2015-09-18T12:20:05","guid":{"rendered":"http:\/\/elmediodelcampo.com.ar\/?p=1281"},"modified":"2015-09-18T12:20:05","modified_gmt":"2015-09-18T12:20:05","slug":"los-grandes-campeones-machos-de-expobra-2015","status":"publish","type":"post","link":"http:\/\/elmediodelcampo.com.ar\/?p=1281","title":{"rendered":"Los Grandes Campeones Machos de ExpoBRA 2015"},"content":{"rendered":"<p><a href=\"http:\/\/elmediodelcampo.com.ar\/wp-content\/uploads\/2015\/09\/GCMBrangus_PHJorgeDomini.jpg\"><img loading=\"lazy\" decoding=\"async\" class=\"size-medium wp-image-1283\" src=\"http:\/\/elmediodelcampo.com.ar\/wp-content\/uploads\/2015\/09\/GCMBrangus_PHJorgeDomini-300x200.jpg\" alt=\"????????????????????????????????????\" width=\"300\" height=\"200\" srcset=\"http:\/\/elmediodelcampo.com.ar\/wp-content\/uploads\/2015\/09\/GCMBrangus_PHJorgeDomini-300x200.jpg 300w, http:\/\/elmediodelcampo.com.ar\/wp-content\/uploads\/2015\/09\/GCMBrangus_PHJorgeDomini-1024x683.jpg 1024w, http:\/\/elmediodelcampo.com.ar\/wp-content\/uploads\/2015\/09\/GCMBrangus_PHJorgeDomini-956x638.jpg 956w\" sizes=\"auto, (max-width: 300px) 100vw, 300px\" \/><\/a><\/p>\n<p>En la segunda jornada de la muestra ganadera que re\u00fane a las Asociaciones de Brahman, Braford y Brangus se realizaron las Juras de Machos<br \/>\nEn Brangus, el Gran Campe\u00f3n Macho fue el RP I093 del Corral 44 de Dieppe SA, el Reservado fue el box 30 de Gilotaux Agropecuaria SA. El Tercer Mejor Macho fue el RP 5139 del Corral 38, tambi\u00e9n de Gilotaux Agropecuaria SA.<br \/>\n\u201cEs un gran triunfo, es algo muy lindo que no se da siempre; y es algo muy buscado por todo caba\u00f1ero\u201d, asegur\u00f3 Alejandro Garlisi, de Caba\u00f1a Don Felipe, de Dieppe SA, y agreg\u00f3: \u201cllevarte la bandera es un orgullo y una satisfacci\u00f3n, para nosotros es la felicidad m\u00e1xima\u201d.<br \/>\n\u201cSiempre creemos que lo de cada uno es lo mejor, es como un hijo. Nosotros todo lo que hacemos, lo hacemos con esfuerzo y con muchas ganas. Cuando armamos el tr\u00edo, ven\u00edamos con una expectativa, no pens\u00e1bamos que nos iba a ir tan bien\u201d, asegur\u00f3 Garlisi. Y emocionado le agradeci\u00f3 al padre \u201cque es el motor que me da la posibilidad de seguir y empujar; el apoyo de la familia es important\u00edsimo\u201d.<br \/>\nEl Gran Campe\u00f3n Macho sale a la venta el viernes en el remate que llevar\u00e1 a cabo Colombo y Magliano. \u201cEs la oportunidad del toro, lamentablemente tiene que salir a la venta por m\u00e1s que uno se quiere guardar estos animales porque sirven para la Caba\u00f1a, pero creo que es su momento\u201d, dijo Alejandro Garlisi, de Caba\u00f1a Don Felipe.<br \/>\nPor otro lado, en Conjuntos, el Campe\u00f3n fue el Corral 38 de Gilotaux Agropecuaria SA, y el Reservado, el Corral 44 de Dieppe SA. Adem\u00e1s, el Mejor Individual fue el box 30 de Gilotaux Agropecuaria SA, el 2do Mejor fue el corral 27 de Walter Edgardo Orod\u00e1, y el 3er Mejor Individual, el box 33 de Aldo Celestino Zago.<br \/>\nCarlos Ojea Rull\u00e1n, fue el encargado de las Juras de Brangus. \u201cMe voy encantado con el nivel de animales que he visto en ExpoBRA, me siento muy contento. Pude encontrar los animales que estaba buscando, pude seguir el padr\u00f3n de selecci\u00f3n que, a mi criterio, es el tipo de animal que necesita la raza en este momento y realmente es muy gratificante cuando uno encuentra estos animales. Uno puede tener un criterio de selecci\u00f3n y no encuentra animales, y ac\u00e1 en ExpoBRA estaban. Los criadores van a tener un conjunto de animales excepcionales para poder comprar en el remate\u201d, dijo Ojea Rull\u00e1n.<br \/>\nLuego cont\u00f3 que \u201chab\u00eda jurado aqu\u00ed, para la raza Braford, hace 5 a\u00f1os, y realmente me quede muy impresionado con la evoluci\u00f3n. He tenido el honor en los \u00faltimos dos a\u00f1os de haber jurado en todas las exposiciones de Brangus m\u00e1s grandes del mundo, la raza me ha hecho ese regalo. Jur\u00e9 en Houston, Palermo, en Paraguay, Brasil, en el Congreso Mundial de Brangus y ExpoBRA, he pisado todas las pistas en menos de dos a\u00f1os y ver la evoluci\u00f3n de la raza, y ver la evoluci\u00f3n del Brangus en el mundo ha sido un lujo y un placer; estoy encantado con la raza, con lo bien que esta y con el futuro que tiene. Estamos muy bien ubicados en el mundo, no s\u00f3lo en Latinoam\u00e9rica, tenemos que estar muy orgullosos de lo que es el Brangus argentino\u201d.<br \/>\nEn la raza Brahman, el Gran Campe\u00f3n Macho fue el box 10, de SA Estancia La Pelada; el Reservado fue el box 11 de El Independiente SA; y el Tercer Mejor Macho, fue tambi\u00e9n para SA Estancia La Pelada.<br \/>\nEl Jurado de Clasificaci\u00f3n fue el Dr. Jose Casco. \u201cQueremos que la gente se interese en esta raza, y que vuelva a criar y a trabajar con el Brahman, no solamente como un refresco de sangre, sino que como una alternativa m\u00e1s para un cruzamiento\u201d, describi\u00f3 Casco, y a\u00f1adi\u00f3: \u201cB\u00e1sicamente lo que estamos buscando como raza son animales con tama\u00f1o moderado, que tengan un prepucio que sea hasta la l\u00ednea del garr\u00f3n, que tenga buena circunferencia escrotal, que la hembra se pre\u00f1e temprano, que sea f\u00e9rtil. Es decir, tratamos de que sea un animal acorde a lo que el campo pide y exige, que sea funcional. El Brahman es longevo, hay animales que tienen caso 20 a\u00f1os en produccion, pero queremos que el animal sea f\u00e9rtil desde el inicio\u201d.<br \/>\nTambi\u00e9n dijo que \u201chay trabajos t\u00e9cnicos hechos en el INTA de Mercedes, donde si bien la vaca brit\u00e1nica es m\u00e1s precoz, la vaca acebuzada la supera en longevidad, de vida \u00fatil. Por eso estamos buscando tener un Brahman que se pre\u00f1e joven. Y tambi\u00e9n hay muchos estudios hechos en la Asociacion, en los que participaron varias Caba\u00f1as, con Brangus y Braford, donde la terneza, la ganancia diaria y la calidad de carne es muy similar\u201d.<br \/>\nLos criadores y caba\u00f1eros est\u00e1n tomando estos lineamientos. \u201cEllos entienden cuando uno le castiga en la admisi\u00f3n o en la jura, por eso conseguimos que la calidad y la cantidad de toros y de vacas fue espectacular\u201d.<br \/>\nPor su parte, Eduardo Saint Martin, gerente comercial de SA Estancia La Pelada, ganadores del premio Gran Campe\u00f3n y Tercer Mejor Macho, dijo \u201cestar muy contento porque la actuaci\u00f3n que ha tenido la Caba\u00f1a. Es un toro muy carnudo, muy interesante a nivel de definici\u00f3n fenot\u00edpica de nuestra raza. Creemos que puede ser muy \u00fatil para cualquier criador como para un centro de inseminaci\u00f3n. Se vender\u00e1 en el remate del viernes, sin base; el p\u00fablico y los criadores dir\u00e1n cu\u00e1l es su precio, pero lo importante es que el toro trabaje y expanda su gen\u00e9tica\u201d.<br \/>\nTambi\u00e9n, como vicepresidente de la Asociacion, se enorgulleci\u00f3 \u201cal ver los animales que se han expuesto en ExpoBRA. Fue muy buena la calidad racial que hemos mostrado. Toda la ganader\u00eda argentina pudo ver c\u00f3mo esta posicionado el Brahman. Y adem\u00e1s estoy muy contento de compartir con los colegas de las otras Asociaciones esta exposici\u00f3n, y en esta provincia cuya gente le hace tan bien a la produccion agropecuaria. Como productores, nosotros defendemos la integraci\u00f3n. En Argentina tenemos que lograr que nuestras razas se extiendan a Sudam\u00e9rica, creo que potenci\u00e1ndonos podemos llegar a logar un posicionamiento muy fuerte y ser los grandes proveedores de la gen\u00e9tica de la regi\u00f3n\u201d.<br \/>\nPara terminar la jornada, se realizaron las Juras de Machos de Braford, el Gran Campe\u00f3n fue el box 123 de Caba\u00f1a Marcaojo, de SA Estancia La Pelada G y C; el Reservado fue el box 103 de Caba\u00f1a San Jose, de Danna Jose y Danna Lidia SH. El Tercer Mejor Macho fue el box 121, de Caba\u00f1a La Asunci\u00f3n, de La Asunci\u00f3n SA.<br \/>\nEduardo Saint Martin, de la Caba\u00f1a Marcaojo, asever\u00f3 que \u201cla Caba\u00f1a es el criador n\u00famero dos\u201d, y destac\u00f3 que luego de tantos a\u00f1os de trabajo \u201csigue siendo una gran alegr\u00eda poder llegar a estas exposiciones y poder lograr este premio. Tenemos que saber que este premio no es nuestro, sino de toda la gente que nos acompa\u00f1a todo el a\u00f1o en la Caba\u00f1a y que trabaja para llegar a esta posibilidad de esta alegr\u00eda que hoy tenemos. Hoy m\u00e1s que nunca quiero reconocer a la gente que nos acompa\u00f1a en el d\u00eda a d\u00eda, y que son los que realmente se merecen esto\u201d<br \/>\nEn relaci\u00f3n al ejemplar que obtuvo el primer lugar, Saint Martin dijo que \u201crealmente es una animal excepcional, es hijo de un Gran Campe\u00f3n nuestro de la Nacional de Braford de Corrientes, de Cayetano; un toro que esta andando espl\u00e9ndidamente bien, no solamente en los planteles de La Pelada, sino en otros planteles a nivel nacional e internacional\u201d.<br \/>\nEn Conjuntos, el Gran Campe\u00f3n fue el Corral 55 de Caba\u00f1a El Pozo de la Carreta, de Gilotaux Agropecuaria SA, y el Reservado, el Corral 51 de Caba\u00f1a El Malacara del Moro, de Julio Llorente F.A.C.E.I.S.A. El gran Campe\u00f3n Individual de Lote fue el RP713, y el Reservado el RP 729, ambos del Corral 55, de Caba\u00f1a El Pozo de la Carreta.<br \/>\nEl jurado de Braford fue Roberto Amalfi, quien afirm\u00f3 que \u201chab\u00eda muy buenos conjuntos de hembras en corrales e individuales\u201d y los machos premiados \u201cson todos sobresalientes en aptitud carnicera. Destaqu\u00e9 mucho el tema de la funci\u00f3n porque en los lugares donde se tienen que desenvolver estas razas son de clima bien tropical, con 50 grados en verano, y garrapata; entonces los animales deben tener buen desplazamiento, buenos prepucios, pelo corto, y fundamentalmente que sean superiores carniceros. Creo que el Braford es una de las razas que sigue creciendo y tiene un potencial de desarrollo muy importante en la regi\u00f3n.<br \/>\nLuego agreg\u00f3 que ExpoBRA \u201ces una exposici\u00f3n que tiene su p\u00fablico, que se vende bien; entonces todos procuran mejorar a\u00f1o a a\u00f1o en lo que est\u00e1n trayendo. Eso se ve en las pistas y espero que se refleje en las ventas tambi\u00e9n\u201d.<\/p>\n","protected":false},"excerpt":{"rendered":"<p>En la segunda jornada de la muestra ganadera que re\u00fane a las Asociaciones de Brahman, Braford y Brangus se realizaron las Juras de Machos En Brangus, el Gran Campe\u00f3n Macho fue el RP I093 del Corral 44 de Dieppe SA,&#8230;<br \/><a class=\"read-more-button\" href=\"http:\/\/elmediodelcampo.com.ar\/?p=1281\">Leer m\u00e1s<\/a><\/p>\n","protected":false},"author":2,"featured_media":0,"comment_status":"closed","ping_status":"open","sticky":false,"template":"","format":"standard","meta":{"footnotes":""},"categories":[9],"tags":[],"class_list":["post-1281","post","type-post","status-publish","format-standard","hentry","category-ganaderia"],"_links":{"self":[{"href":"http:\/\/elmediodelcampo.com.ar\/index.php?rest_route=\/wp\/v2\/posts\/1281","targetHints":{"allow":["GET"]}}],"collection":[{"href":"http:\/\/elmediodelcampo.com.ar\/index.php?rest_route=\/wp\/v2\/posts"}],"about":[{"href":"http:\/\/elmediodelcampo.com.ar\/index.php?rest_route=\/wp\/v2\/types\/post"}],"author":[{"embeddable":true,"href":"http:\/\/elmediodelcampo.com.ar\/index.php?rest_route=\/wp\/v2\/users\/2"}],"replies":[{"embeddable":true,"href":"http:\/\/elmediodelcampo.com.ar\/index.php?rest_route=%2Fwp%2Fv2%2Fcomments&post=1281"}],"version-history":[{"count":1,"href":"http:\/\/elmediodelcampo.com.ar\/index.php?rest_route=\/wp\/v2\/posts\/1281\/revisions"}],"predecessor-version":[{"id":1285,"href":"http:\/\/elmediodelcampo.com.ar\/index.php?rest_route=\/wp\/v2\/posts\/1281\/revisions\/1285"}],"wp:attachment":[{"href":"http:\/\/elmediodelcampo.com.ar\/index.php?rest_route=%2Fwp%2Fv2%2Fmedia&parent=1281"}],"wp:term":[{"taxonomy":"category","embeddable":true,"href":"http:\/\/elmediodelcampo.com.ar\/index.php?rest_route=%2Fwp%2Fv2%2Fcategories&post=1281"},{"taxonomy":"post_tag","embeddable":true,"href":"http:\/\/elmediodelcampo.com.ar\/index.php?rest_route=%2Fwp%2Fv2%2Ftags&post=1281"}],"curies":[{"name":"wp","href":"https:\/\/api.w.org\/{rel}","templated":true}]}}