{"id":1273,"date":"2015-09-15T12:23:06","date_gmt":"2015-09-15T12:23:06","guid":{"rendered":"http:\/\/elmediodelcampo.com.ar\/?p=1273"},"modified":"2015-09-15T12:23:06","modified_gmt":"2015-09-15T12:23:06","slug":"en-la-apertura-de-la-semana-chicago-mantuvo-tendencia-del-viernes","status":"publish","type":"post","link":"http:\/\/elmediodelcampo.com.ar\/?p=1273","title":{"rendered":"En la apertura de la semana Chicago mantuvo tendencia del viernes"},"content":{"rendered":"<p><a href=\"http:\/\/elmediodelcampo.com.ar\/wp-content\/uploads\/2015\/07\/bolsa-chicago.jpeg\"><img loading=\"lazy\" decoding=\"async\" class=\"alignleft size-medium wp-image-772\" src=\"http:\/\/elmediodelcampo.com.ar\/wp-content\/uploads\/2015\/07\/bolsa-chicago-300x225.jpeg\" alt=\"bolsa chicago\" width=\"300\" height=\"225\" srcset=\"http:\/\/elmediodelcampo.com.ar\/wp-content\/uploads\/2015\/07\/bolsa-chicago-300x225.jpeg 300w, http:\/\/elmediodelcampo.com.ar\/wp-content\/uploads\/2015\/07\/bolsa-chicago.jpeg 500w\" sizes=\"auto, (max-width: 300px) 100vw, 300px\" \/><\/a>Este lunes, precisamente, se difundi\u00f3 la actualizaci\u00f3n semanal de embarques de exportaci\u00f3n realizados durante la \u00faltima semana. Los resultados resultaron superiores para los tres granos, con el trigo llevando la delantera en cuanto a lo lejos que qued\u00f3 la realidad vs lo que el mercado esperaba. Justo es decir, que esto despu\u00e9s de sostenidas ca\u00eddas consecutivas en los precios, negocios y embarques del cereal durante las \u00faltimas semanas de ajuste, que fueron m\u00e1s ca\u00edda libre para ponerse a tiro del resto de los or\u00edgenes vs los que compite el cereal de EEUU. La altura del mes, de vencimiento de los contratos de fecha setiembre, explica t\u00e9cnicamente parte de las subas, ya que muchos inversores ten\u00edan vendidas estas posiciones y para salirse, ante la expiraci\u00f3n inminente, salieron comprando que es la forma de deshacer la posici\u00f3n y cobrar por la diferencia de precio.<\/p>\n<p>El ma\u00edz se anot\u00f3 su sexta suba al hilo, tras seguir de largo el viernes ante los datos del USDA, que se dieron tal como el mercado esperaba. Adem\u00e1s de los datos de demanda externa, este lunes al cierre del mercado se conocieron datos de calidad semanal de los cultivos, los que se mantuvieron sin cambios en el caso del cereal (pese a que el mercado esperaba ca\u00eddas), que mantuvo 68% del total relevado en estado bueno\/excelente.<\/p>\n<p>La soja tambi\u00e9n super\u00f3 las expectativas de la demanda, en cuanto a lo efectivamente embarcado en los \u00faltimos siete d\u00edas. Los datos de calidad, por su parte, resultaron menores vs la semana anterior, tal como los operadores auguraban (61% vs 63%).<\/p>\n<p>El trigo gan\u00f3 las miradas del mercado, superando holgadamente los valores de embarques para exportaci\u00f3n previsto por los inversores. Viene de tan abajo que cualquier reacci\u00f3n para cortar la tendencia bajista resulta fuerte. Fueron importantes las subas del d\u00eda, pero se viene de ca\u00eddas a\u00fan mayores. La fuerza que los granos estivales le vienen dando al mercado tambi\u00e9n fue aprovechado por el cereal de invierno, para conseguir desarrollar buenos niveles de negocios por parte de los fondos.<\/p>\n","protected":false},"excerpt":{"rendered":"<p>Este lunes, precisamente, se difundi\u00f3 la actualizaci\u00f3n semanal de embarques de exportaci\u00f3n realizados durante la \u00faltima semana. Los resultados resultaron superiores para los tres granos, con el trigo llevando la delantera en cuanto a lo lejos que qued\u00f3 la realidad&#8230;<br \/><a class=\"read-more-button\" href=\"http:\/\/elmediodelcampo.com.ar\/?p=1273\">Leer m\u00e1s<\/a><\/p>\n","protected":false},"author":2,"featured_media":0,"comment_status":"closed","ping_status":"open","sticky":false,"template":"","format":"standard","meta":{"footnotes":""},"categories":[7,5],"tags":[],"class_list":["post-1273","post","type-post","status-publish","format-standard","hentry","category-agronegocios","category-economia"],"_links":{"self":[{"href":"http:\/\/elmediodelcampo.com.ar\/index.php?rest_route=\/wp\/v2\/posts\/1273","targetHints":{"allow":["GET"]}}],"collection":[{"href":"http:\/\/elmediodelcampo.com.ar\/index.php?rest_route=\/wp\/v2\/posts"}],"about":[{"href":"http:\/\/elmediodelcampo.com.ar\/index.php?rest_route=\/wp\/v2\/types\/post"}],"author":[{"embeddable":true,"href":"http:\/\/elmediodelcampo.com.ar\/index.php?rest_route=\/wp\/v2\/users\/2"}],"replies":[{"embeddable":true,"href":"http:\/\/elmediodelcampo.com.ar\/index.php?rest_route=%2Fwp%2Fv2%2Fcomments&post=1273"}],"version-history":[{"count":1,"href":"http:\/\/elmediodelcampo.com.ar\/index.php?rest_route=\/wp\/v2\/posts\/1273\/revisions"}],"predecessor-version":[{"id":1275,"href":"http:\/\/elmediodelcampo.com.ar\/index.php?rest_route=\/wp\/v2\/posts\/1273\/revisions\/1275"}],"wp:attachment":[{"href":"http:\/\/elmediodelcampo.com.ar\/index.php?rest_route=%2Fwp%2Fv2%2Fmedia&parent=1273"}],"wp:term":[{"taxonomy":"category","embeddable":true,"href":"http:\/\/elmediodelcampo.com.ar\/index.php?rest_route=%2Fwp%2Fv2%2Fcategories&post=1273"},{"taxonomy":"post_tag","embeddable":true,"href":"http:\/\/elmediodelcampo.com.ar\/index.php?rest_route=%2Fwp%2Fv2%2Ftags&post=1273"}],"curies":[{"name":"wp","href":"https:\/\/api.w.org\/{rel}","templated":true}]}}